{"id":10702,"date":"2020-03-19T17:17:37","date_gmt":"2020-03-19T22:17:37","guid":{"rendered":"http:\/\/www.mcclaca.org\/?p=10702\/"},"modified":"2020-03-19T17:37:14","modified_gmt":"2020-03-19T22:37:14","slug":"llamado-a-la-noviolencia-comunicado-a-la-opinion-publica-frente-a-nuevas-amenazas-al-sector-religioso","status":"publish","type":"post","link":"https:\/\/www.mcclaca.org\/es\/llamado-a-la-noviolencia-comunicado-a-la-opinion-publica-frente-a-nuevas-amenazas-al-sector-religioso\/","title":{"rendered":"Llamado a la noviolencia: Comunicado a la opini\u00f3n p\u00fablica frente a nuevas amenazas al sector religioso"},"content":{"rendered":"<p>Bogot\u00e1, Marzo 2 de 2020<\/p>\n<p>El pasado 28 de febrero tuvimos conocimiento de un nuevo panfleto donde se nos califica como objetivos militares inmediatos por parte de las \u201c\u00e1guilas negras\u201d amenazando a l\u00edderes y lideresas sociales, organizaciones de Derechos Humanos, entidades comprometidas con la paz y tambi\u00e9n a nuestra entidad JUSTAPAZ.<\/p>\n<p>Levantamos nuestra voz de rechazo por las amenazas de las \u00c1guilas Negras que se suma a lo que hemos constatado en regiones como el Bajo Cauca Antioque\u00f1o, Sur del Choc\u00f3, Bajo Putumayo, Nari\u00f1o y otras regiones, donde grupos armados, que con \u00e1nimos de controlar el territorio, siguen acciones sistem\u00e1ticas de intimidaci\u00f3n y asesinato a l\u00edderes y lideresas sociales que trabajan por inversi\u00f3n social, desarrollo e implementaci\u00f3n de los acuerdos de paz.<\/p>\n<p>En esp\u00edritu de oraci\u00f3n y solidaridad con las familias de los l\u00edderes y lideresas asesinadas y con todos aquellos hombres y mujeres que, por su convicci\u00f3n de ser gestores y gestoras de paz y reconciliaci\u00f3n, han sido estigmatizados hacemos un llamado urgente a la Comunidad Internacional, a la sociedad civil en su conjunto y a las Iglesias para que se inste al presidente Iv\u00e1n Duque, al Gobierno y autoridades locales a poner en marcha el conjunto de medidas de protecci\u00f3n y cuidado de la vida que fueron estipuladas en el Acuerdo de Paz y otras medidas que sean necesarias para evitar que sigan extendi\u00e9ndose por las regiones estas oleadas de violencia y afectaciones a los derechos humanos.<\/p>\n<p>Hacemos un llamado al Gobierno nacional para que garantice las medidas de protecci\u00f3n de nuestra vida y seguridad, as\u00ed como la de los l\u00edderes y lideresas del sector religioso que nos acompa\u00f1an en los territorios. En consecuencia, exigimos que existan garant\u00edas de protecci\u00f3n para organizaciones y personas amenazadas; garant\u00edas colectivas y diferenciales para la protecci\u00f3n de liderazgos socio-eclesiales; As\u00ed mismo exigimos que se investigue, judicialice y se sancione a los autores y responsables de dichas amenazas.<\/p>\n<p>Nuestra tarea por la paz est\u00e1 inspirada en la Palabra de Dios, como bien cita el profeta Isa\u00edas \u201c\u00a1Aprendan a hacer el bien, esfu\u00e9rcense en hacer lo que es justo, ayuden al oprimido, hagan justicia al hu\u00e9rfano, defiendan los derechos de la viuda! (Isa\u00edas 1:17). La fuerza espiritual de nuestra labor est\u00e1 en sanar las heridas del conflicto armado y trabajar juntos por el bienestar, la vida digna y la justicia social. Es tiempo de solidaridad y renovado impulso en favor del di\u00e1logo, la reconciliaci\u00f3n y la acci\u00f3n noviolenta. Es posible construir pa\u00eds desde la transformar pac\u00edfica de conflictos y la concertaci\u00f3n social de los distintos sectores y actores sociales.<\/p>\n<p>\u00a1\u00a1\u00a1Todos y todas por un pa\u00eds en paz y reconciliado!!!<\/p>\n<p>Asociaci\u00f3n Cristiana Menonita De Justicia, Paz Y Acci\u00f3n Noviolenta<br \/>\n<a href=\"http:\/\/www.justapaz.org\/\">JUSTAPAZ<\/a><\/p>\n<p><a href=\"https:\/\/www.mcclaca.org\/letter-of-support-in-response-to-death-threats-against-justapaz\/\">Leer aqu\u00ed la carta de CCM en apoyo de Justapaz (ingl\u00e9s).<\/a><\/p>\n","protected":false},"excerpt":{"rendered":"<p>Bogot\u00e1, Marzo 2 de 2020 El pasado 28 de febrero tuvimos conocimiento de un nuevo panfleto donde se nos califica como objetivos militares inmediatos por parte de las \u201c\u00e1guilas negras\u201d amenazando a l\u00edderes y lideresas sociales, organizaciones de Derechos Humanos, entidades comprometidas con la paz y tambi\u00e9n a nuestra entidad JUSTAPAZ. Levantamos nuestra voz de [&hellip;]<\/p>\n","protected":false},"author":5,"featured_media":10703,"comment_status":"open","ping_status":"open","sticky":false,"template":"","format":"standard","meta":{"nf_dc_page":"","_jetpack_newsletter_access":"","_jetpack_dont_email_post_to_subs":false,"_jetpack_newsletter_tier_id":0,"_jetpack_memberships_contains_paywalled_content":false,"_jetpack_feature_clip_id":0,"_jetpack_memberships_contains_paid_content":false,"footnotes":"","jetpack_publicize_message":"","jetpack_publicize_feature_enabled":true,"jetpack_social_post_already_shared":false,"jetpack_social_options":{"image_generator_settings":{"template":"highway","default_image_id":0,"font":"","enabled":false},"version":2},"jetpack_post_was_ever_published":false},"categories":[439,397,444],"tags":[],"class_list":["post-10702","post","type-post","status-publish","format-standard","has-post-thumbnail","hentry","category-colombia-es","category-incidencia-politica","category-paz-y-no-violencia"],"jetpack_publicize_connections":[],"jetpack_sharing_enabled":true,"jetpack_shortlink":"https:\/\/wp.me\/p7pJjQ-2MC","jetpack-related-posts":[{"id":12118,"url":"https:\/\/www.mcclaca.org\/es\/testimonios-de-lideresas-mexicanas\/","url_meta":{"origin":10702,"position":0},"title":"Testimonios de mujeres l\u00edderes mexicanas","author":"Admin","date":"9 de marzo de 2023","format":false,"excerpt":"Soy una mujer de Guadalajara Diana Lepe, Serapaz, Ciudad de Mexico Mi rol ahora es liderar a otros y otras en una organizaci\u00f3n reconocida por la sociedad civil en M\u00e9xico Lo m\u00e1s retante de ser mujer, hasta ahora, ha sido que, frente a los obst\u00e1culos y violencias vividas, pueda ser\u2026","rel":"","context":"En \u00abIncidencia Pol\u00edtica\u00bb","block_context":{"text":"Incidencia Pol\u00edtica","link":"https:\/\/www.mcclaca.org\/es\/category\/incidencia-politica\/"},"img":{"alt_text":"","src":"https:\/\/i0.wp.com\/www.mcclaca.org\/wp-content\/uploads\/2023\/03\/IMG_7501.jpg?fit=1200%2C800&ssl=1&resize=350%2C200","width":350,"height":200,"srcset":"https:\/\/i0.wp.com\/www.mcclaca.org\/wp-content\/uploads\/2023\/03\/IMG_7501.jpg?fit=1200%2C800&ssl=1&resize=350%2C200 1x, https:\/\/i0.wp.com\/www.mcclaca.org\/wp-content\/uploads\/2023\/03\/IMG_7501.jpg?fit=1200%2C800&ssl=1&resize=525%2C300 1.5x, https:\/\/i0.wp.com\/www.mcclaca.org\/wp-content\/uploads\/2023\/03\/IMG_7501.jpg?fit=1200%2C800&ssl=1&resize=700%2C400 2x, https:\/\/i0.wp.com\/www.mcclaca.org\/wp-content\/uploads\/2023\/03\/IMG_7501.jpg?fit=1200%2C800&ssl=1&resize=1050%2C600 3x"},"classes":[]},{"id":11471,"url":"https:\/\/www.mcclaca.org\/es\/iglesias-y-organizaciones-menonitas-responden-a-las-protestas-y-la-violencia-en-colombia\/","url_meta":{"origin":10702,"position":1},"title":"Iglesias y organizaciones Menonitas responden a las protestas y la violencia en Colombia","author":"Admin","date":"11 de mayo de 2021","format":false,"excerpt":"El 28 de abril decenas de miles de colombianos marcharon en una reiteraci\u00f3n renovada del Paro Nacional que hab\u00eda arrancado con fuerza en noviembre del 2019. Con la llegada de la pandemia de COVID-19, el Paro se detuvo, pero las razones de manifestarse aumentaron. Despu\u00e9s de un confinamiento obligatorio de\u2026","rel":"","context":"En \u00abAdvocacy\u00bb","block_context":{"text":"Advocacy","link":"https:\/\/www.mcclaca.org\/category\/advocacy\/"},"img":{"alt_text":"","src":"https:\/\/i0.wp.com\/www.mcclaca.org\/wp-content\/uploads\/2016\/04\/Fotos-de-Nemy-2-e1620752113919.jpeg?fit=1200%2C615&ssl=1&resize=350%2C200","width":350,"height":200,"srcset":"https:\/\/i0.wp.com\/www.mcclaca.org\/wp-content\/uploads\/2016\/04\/Fotos-de-Nemy-2-e1620752113919.jpeg?fit=1200%2C615&ssl=1&resize=350%2C200 1x, https:\/\/i0.wp.com\/www.mcclaca.org\/wp-content\/uploads\/2016\/04\/Fotos-de-Nemy-2-e1620752113919.jpeg?fit=1200%2C615&ssl=1&resize=525%2C300 1.5x, https:\/\/i0.wp.com\/www.mcclaca.org\/wp-content\/uploads\/2016\/04\/Fotos-de-Nemy-2-e1620752113919.jpeg?fit=1200%2C615&ssl=1&resize=700%2C400 2x, https:\/\/i0.wp.com\/www.mcclaca.org\/wp-content\/uploads\/2016\/04\/Fotos-de-Nemy-2-e1620752113919.jpeg?fit=1200%2C615&ssl=1&resize=1050%2C600 3x"},"classes":[]},{"id":11234,"url":"https:\/\/www.mcclaca.org\/es\/si-el-racismo-esta-vivo-en-colombia\/","url_meta":{"origin":10702,"position":2},"title":"S\u00ed, el racismo est\u00e1 vivo en Colombia","author":"Admin","date":"2 de octubre de 2020","format":false,"excerpt":"Este art\u00edculo es parte de una serie que trata sobre el racismo en Colombia. Leer m\u00e1s aqu\u00ed. \"No puedo creer lo que dices, porque veo lo que haces\". James Baldwin Por supuesto, el racismo est\u00e1 muy vivo en Colombia. Para conocer su realidad en Colombia, no les pregunte a los\u2026","rel":"","context":"En \u00abColombia\u00bb","block_context":{"text":"Colombia","link":"https:\/\/www.mcclaca.org\/es\/category\/programas\/colombia-es\/"},"img":{"alt_text":"","src":"https:\/\/i0.wp.com\/www.mcclaca.org\/wp-content\/uploads\/2019\/08\/IMG_9561-2-e1601657777883.jpg?fit=1200%2C504&ssl=1&resize=350%2C200","width":350,"height":200,"srcset":"https:\/\/i0.wp.com\/www.mcclaca.org\/wp-content\/uploads\/2019\/08\/IMG_9561-2-e1601657777883.jpg?fit=1200%2C504&ssl=1&resize=350%2C200 1x, https:\/\/i0.wp.com\/www.mcclaca.org\/wp-content\/uploads\/2019\/08\/IMG_9561-2-e1601657777883.jpg?fit=1200%2C504&ssl=1&resize=525%2C300 1.5x, https:\/\/i0.wp.com\/www.mcclaca.org\/wp-content\/uploads\/2019\/08\/IMG_9561-2-e1601657777883.jpg?fit=1200%2C504&ssl=1&resize=700%2C400 2x, https:\/\/i0.wp.com\/www.mcclaca.org\/wp-content\/uploads\/2019\/08\/IMG_9561-2-e1601657777883.jpg?fit=1200%2C504&ssl=1&resize=1050%2C600 3x"},"classes":[]},{"id":12067,"url":"https:\/\/www.mcclaca.org\/es\/ccm-laca-conmemora-el-dia-internacional-de-la-mujer\/","url_meta":{"origin":10702,"position":3},"title":"CCM LACA conmemora el D\u00eda Internacional de la Mujer","author":"Admin","date":"6 de marzo de 2023","format":false,"excerpt":"El 8 de marzo es el D\u00eda Internacional de la Mujer, una conmemoraci\u00f3n que tiene sus ra\u00edces en el movimiento obrero de principios del siglo 20. Desde entonces, se ha conmemorado en pa\u00edses de todo el mundo, tanto como celebraci\u00f3n de los logros de las mujeres como ocasi\u00f3n para exigir\u2026","rel":"","context":"En \u00abIncidencia Pol\u00edtica\u00bb","block_context":{"text":"Incidencia Pol\u00edtica","link":"https:\/\/www.mcclaca.org\/es\/category\/incidencia-politica\/"},"img":{"alt_text":"","src":"https:\/\/i0.wp.com\/www.mcclaca.org\/wp-content\/uploads\/2023\/03\/IMG_5075-2.jpg?fit=1200%2C586&ssl=1&resize=350%2C200","width":350,"height":200,"srcset":"https:\/\/i0.wp.com\/www.mcclaca.org\/wp-content\/uploads\/2023\/03\/IMG_5075-2.jpg?fit=1200%2C586&ssl=1&resize=350%2C200 1x, https:\/\/i0.wp.com\/www.mcclaca.org\/wp-content\/uploads\/2023\/03\/IMG_5075-2.jpg?fit=1200%2C586&ssl=1&resize=525%2C300 1.5x, https:\/\/i0.wp.com\/www.mcclaca.org\/wp-content\/uploads\/2023\/03\/IMG_5075-2.jpg?fit=1200%2C586&ssl=1&resize=700%2C400 2x, https:\/\/i0.wp.com\/www.mcclaca.org\/wp-content\/uploads\/2023\/03\/IMG_5075-2.jpg?fit=1200%2C586&ssl=1&resize=1050%2C600 3x"},"classes":[]},{"id":11164,"url":"https:\/\/www.mcclaca.org\/es\/lecciones-en-el-racismo-sistemico-desde-choco\/","url_meta":{"origin":10702,"position":4},"title":"Lecciones en el racismo sist\u00e9mico desde Choc\u00f3","author":"Admin","date":"10 de septiembre de 2020","format":false,"excerpt":"Este art\u00edculo es parte de una serie que trata sobre el racismo en Colombia. Leer m\u00e1s aqu\u00ed. Cuando ten\u00eda 26 a\u00f1os, mi esposo y yo nos mudamos a Colombia para ser parte del programa de CCM de Semilla. Nos colocaron con las Iglesias Hermanos Menonitas en el Choc\u00f3, un departamento\u2026","rel":"","context":"En \u00abColombia\u00bb","block_context":{"text":"Colombia","link":"https:\/\/www.mcclaca.org\/es\/category\/programas\/colombia-es\/"},"img":{"alt_text":"","src":"https:\/\/i0.wp.com\/www.mcclaca.org\/wp-content\/uploads\/2020\/09\/DSCN1693-2-1.jpg?fit=1200%2C900&ssl=1&resize=350%2C200","width":350,"height":200,"srcset":"https:\/\/i0.wp.com\/www.mcclaca.org\/wp-content\/uploads\/2020\/09\/DSCN1693-2-1.jpg?fit=1200%2C900&ssl=1&resize=350%2C200 1x, https:\/\/i0.wp.com\/www.mcclaca.org\/wp-content\/uploads\/2020\/09\/DSCN1693-2-1.jpg?fit=1200%2C900&ssl=1&resize=525%2C300 1.5x, https:\/\/i0.wp.com\/www.mcclaca.org\/wp-content\/uploads\/2020\/09\/DSCN1693-2-1.jpg?fit=1200%2C900&ssl=1&resize=700%2C400 2x, https:\/\/i0.wp.com\/www.mcclaca.org\/wp-content\/uploads\/2020\/09\/DSCN1693-2-1.jpg?fit=1200%2C900&ssl=1&resize=1050%2C600 3x"},"classes":[]},{"id":10706,"url":"https:\/\/www.mcclaca.org\/letter-of-support-in-response-to-death-threats-against-justapaz\/","url_meta":{"origin":10702,"position":5},"title":"Letter of Support in Response to Death Threats against JUSTAPAZ","author":"Admin","date":"19 de marzo de 2020","format":false,"excerpt":"As a faith-based Anabaptist organization with 100 years of work for relief, development and peace, Mennonite Central Committee supports the work of JUSTAPAZ, an Anabaptist organization that has invested more than 28 years in the work of nonviolent community peacebuilding in Colombia, accompanying churches, community organizations, and victims of the\u2026","rel":"","context":"En \u00abAdvocacy\u00bb","block_context":{"text":"Advocacy","link":"https:\/\/www.mcclaca.org\/category\/advocacy\/"},"img":{"alt_text":"","src":"https:\/\/i0.wp.com\/www.mcclaca.org\/wp-content\/uploads\/2020\/03\/RS83473_IMG_0810-lpr.jpg?fit=1200%2C800&ssl=1&resize=350%2C200","width":350,"height":200,"srcset":"https:\/\/i0.wp.com\/www.mcclaca.org\/wp-content\/uploads\/2020\/03\/RS83473_IMG_0810-lpr.jpg?fit=1200%2C800&ssl=1&resize=350%2C200 1x, https:\/\/i0.wp.com\/www.mcclaca.org\/wp-content\/uploads\/2020\/03\/RS83473_IMG_0810-lpr.jpg?fit=1200%2C800&ssl=1&resize=525%2C300 1.5x, https:\/\/i0.wp.com\/www.mcclaca.org\/wp-content\/uploads\/2020\/03\/RS83473_IMG_0810-lpr.jpg?fit=1200%2C800&ssl=1&resize=700%2C400 2x, https:\/\/i0.wp.com\/www.mcclaca.org\/wp-content\/uploads\/2020\/03\/RS83473_IMG_0810-lpr.jpg?fit=1200%2C800&ssl=1&resize=1050%2C600 3x"},"classes":[]}],"jetpack_featured_media_url":"https:\/\/i0.wp.com\/www.mcclaca.org\/wp-content\/uploads\/2020\/03\/RS83473_IMG_0810-lpr.jpg?fit=2000%2C1333&ssl=1","_links":{"self":[{"href":"https:\/\/www.mcclaca.org\/es\/wp-json\/wp\/v2\/posts\/10702","targetHints":{"allow":["GET"]}}],"collection":[{"href":"https:\/\/www.mcclaca.org\/es\/wp-json\/wp\/v2\/posts"}],"about":[{"href":"https:\/\/www.mcclaca.org\/es\/wp-json\/wp\/v2\/types\/post"}],"author":[{"embeddable":true,"href":"https:\/\/www.mcclaca.org\/es\/wp-json\/wp\/v2\/users\/5"}],"replies":[{"embeddable":true,"href":"https:\/\/www.mcclaca.org\/es\/wp-json\/wp\/v2\/comments?post=10702"}],"version-history":[{"count":2,"href":"https:\/\/www.mcclaca.org\/es\/wp-json\/wp\/v2\/posts\/10702\/revisions"}],"predecessor-version":[{"id":10710,"href":"https:\/\/www.mcclaca.org\/es\/wp-json\/wp\/v2\/posts\/10702\/revisions\/10710"}],"wp:featuredmedia":[{"embeddable":true,"href":"https:\/\/www.mcclaca.org\/es\/wp-json\/wp\/v2\/media\/10703"}],"wp:attachment":[{"href":"https:\/\/www.mcclaca.org\/es\/wp-json\/wp\/v2\/media?parent=10702"}],"wp:term":[{"taxonomy":"category","embeddable":true,"href":"https:\/\/www.mcclaca.org\/es\/wp-json\/wp\/v2\/categories?post=10702"},{"taxonomy":"post_tag","embeddable":true,"href":"https:\/\/www.mcclaca.org\/es\/wp-json\/wp\/v2\/tags?post=10702"}],"curies":[{"name":"wp","href":"https:\/\/api.w.org\/{rel}","templated":true}]}}