{"id":10712,"date":"2020-03-31T17:58:30","date_gmt":"2020-03-31T22:58:30","guid":{"rendered":"http:\/\/www.mcclaca.org\/?p=10712\/"},"modified":"2020-04-02T09:07:52","modified_gmt":"2020-04-02T14:07:52","slug":"covid-19-oportunidad-para-nuestro-re-descubrimiento","status":"publish","type":"post","link":"https:\/\/www.mcclaca.org\/es\/covid-19-oportunidad-para-nuestro-re-descubrimiento\/","title":{"rendered":"Covid-19: Oportunidad para Nuestro Re-Descubrimiento"},"content":{"rendered":"<p>El cambio clim\u00e1tico, en el 2019, provoc\u00f3 enormes consecuencias sobre la salud, la comida y el hogar de miles de millones de personas; puso en riesgo la vida marina y a una gran cantidad de ecosistemas; la concentraci\u00f3n de gases de efecto invernadero en la atm\u00f3sfera como CO2, metano y \u00f3xido nitroso alcanz\u00f3 niveles r\u00e9cord. Se estima una disminuci\u00f3n, desde mediados del siglo pasado, de entre el 1 y el 2% en el inventario de ox\u00edgeno oce\u00e1nico en todo el mundo. Estos y much\u00edsimos m\u00e1s datos nos presenta el informe sobre el <a href=\"https:\/\/library.wmo.int\/index.php?lvl=notice_display&amp;id=21700\">Estado mundial del Clima 2019 publicado por la Organizaci\u00f3n Metereol\u00f3gica Mundial<\/a>.<\/p>\n<p>Al a\u00f1o 2020 llegamos con una temperatura media mundial de 1,1\u00b0C por encima de los niveles preindustriales. En este contexto, <em>\u201ccontamos el costo en vidas y medios de vida humanos a medida que las sequ\u00edas, los incendios forestales, las inundaciones y las tormentas extremas cobran su precio mortal. No tenemos tiempo que perder si queremos evitar una cat\u00e1strofe clim\u00e1tica\u201d<\/em>, afirm\u00f3 el Secretario General de las Naciones Unidas.<\/p>\n<p>La seguridad alimentaria se deterior\u00f3, en 2019, en algunos pa\u00edses a causa de los fen\u00f3menos clim\u00e1ticos extremos, los desplazamientos, las situaciones de conflicto y la violencia y se estima que aproximadamente 22,2 millones de personas padecieron de un elevado nivel de carest\u00eda de alimentos. <em>\u201cNo nos hagamos ilusiones <\/em>(ni seamos indiferentes)<em>. El cambio clim\u00e1tico ya est\u00e1 causando calamidades, y habr\u00e1 m\u00e1s por venir\u201d<\/em>, afirm\u00f3 el Secretario General de la ONU<\/p>\n<div id=\"attachment_10719\" style=\"width: 760px\" class=\"wp-caption aligncenter\"><img data-recalc-dims=\"1\" fetchpriority=\"high\" decoding=\"async\" aria-describedby=\"caption-attachment-10719\" class=\"size-large wp-image-10719\" src=\"https:\/\/i0.wp.com\/www.mcclaca.org\/wp-content\/uploads\/2020\/03\/RS88747_BOL20180502_livelihoods_ms0500-lpr.jpg?resize=750%2C500&#038;ssl=1\" alt=\"\" width=\"750\" height=\"500\" srcset=\"https:\/\/i0.wp.com\/www.mcclaca.org\/wp-content\/uploads\/2020\/03\/RS88747_BOL20180502_livelihoods_ms0500-lpr.jpg?resize=1024%2C682&amp;ssl=1 1024w, https:\/\/i0.wp.com\/www.mcclaca.org\/wp-content\/uploads\/2020\/03\/RS88747_BOL20180502_livelihoods_ms0500-lpr.jpg?resize=300%2C200&amp;ssl=1 300w, https:\/\/i0.wp.com\/www.mcclaca.org\/wp-content\/uploads\/2020\/03\/RS88747_BOL20180502_livelihoods_ms0500-lpr.jpg?resize=768%2C512&amp;ssl=1 768w, https:\/\/i0.wp.com\/www.mcclaca.org\/wp-content\/uploads\/2020\/03\/RS88747_BOL20180502_livelihoods_ms0500-lpr.jpg?resize=360%2C240&amp;ssl=1 360w, https:\/\/i0.wp.com\/www.mcclaca.org\/wp-content\/uploads\/2020\/03\/RS88747_BOL20180502_livelihoods_ms0500-lpr.jpg?resize=600%2C400&amp;ssl=1 600w, https:\/\/i0.wp.com\/www.mcclaca.org\/wp-content\/uploads\/2020\/03\/RS88747_BOL20180502_livelihoods_ms0500-lpr.jpg?w=2000&amp;ssl=1 2000w, https:\/\/i0.wp.com\/www.mcclaca.org\/wp-content\/uploads\/2020\/03\/RS88747_BOL20180502_livelihoods_ms0500-lpr.jpg?w=1500&amp;ssl=1 1500w\" sizes=\"(max-width: 750px) 100vw, 750px\" \/><p id=\"caption-attachment-10719\" class=\"wp-caption-text\">Una huerta en El Alto, Bolivia, donde trabaja\u00a0Fundaci\u00f3n Comunidad y Axi\u00f3n. Foto CCM\/Matthew Sawatzky<\/p><\/div>\n<p>En este contexto global y en poco menos de tres meses el COVID-19 se ha extendido por todo el planeta y a\u00fan no tomamos suficiente conciencia de que todo est\u00e1 interconectado y que somos interdependientes.<\/p>\n<p>La tecnolog\u00eda y la rapidez de los desplazamientos humanos son un ejemplo para entender que todos los seres del universo y de la Tierra, la especie humana incluida, estamos envueltos en intrincadas redes de relaciones, que nada existe fuera de la relaci\u00f3n. Esta es la tesis b\u00e1sica de la f\u00edsica cu\u00e1ntica.<\/p>\n<p>La expansi\u00f3n y letalidad de este virus pone en evidencia que en la civilizaci\u00f3n planetaria del dinero, la certeza de que los recursos geol\u00f3gicos y biol\u00f3gicos son infinitos y que el desarrollo es el camino a la felicidad son, simple y llanamente, mitos de nuestra civilizaci\u00f3n tecnol\u00f3gica. Esto ya lo sab\u00edan los pueblos ind\u00edgenas del planeta. Un ejemplo son las palabras del jefe piel roja Seattle en 1856: \u201cLa Tierra no pertenece al hombre. Es el hombre quien pertenece a la Tierra. <em>Todas las cosas est\u00e1n conectadas como la sangre que une a una familia; todo est\u00e1 relacionado entre s\u00ed<\/em>\u201d.<\/p>\n<div id=\"attachment_10723\" style=\"width: 760px\" class=\"wp-caption aligncenter\"><img data-recalc-dims=\"1\" decoding=\"async\" aria-describedby=\"caption-attachment-10723\" class=\"size-large wp-image-10723\" src=\"https:\/\/i0.wp.com\/www.mcclaca.org\/wp-content\/uploads\/2020\/03\/RS88749_BOL20180502_livelihoods_ms0502-lpr-3.jpg?resize=750%2C500&#038;ssl=1\" alt=\"\" width=\"750\" height=\"500\" srcset=\"https:\/\/i0.wp.com\/www.mcclaca.org\/wp-content\/uploads\/2020\/03\/RS88749_BOL20180502_livelihoods_ms0502-lpr-3.jpg?resize=1024%2C682&amp;ssl=1 1024w, https:\/\/i0.wp.com\/www.mcclaca.org\/wp-content\/uploads\/2020\/03\/RS88749_BOL20180502_livelihoods_ms0502-lpr-3.jpg?resize=300%2C200&amp;ssl=1 300w, https:\/\/i0.wp.com\/www.mcclaca.org\/wp-content\/uploads\/2020\/03\/RS88749_BOL20180502_livelihoods_ms0502-lpr-3.jpg?resize=768%2C512&amp;ssl=1 768w, https:\/\/i0.wp.com\/www.mcclaca.org\/wp-content\/uploads\/2020\/03\/RS88749_BOL20180502_livelihoods_ms0502-lpr-3.jpg?resize=360%2C240&amp;ssl=1 360w, https:\/\/i0.wp.com\/www.mcclaca.org\/wp-content\/uploads\/2020\/03\/RS88749_BOL20180502_livelihoods_ms0502-lpr-3.jpg?resize=600%2C400&amp;ssl=1 600w, https:\/\/i0.wp.com\/www.mcclaca.org\/wp-content\/uploads\/2020\/03\/RS88749_BOL20180502_livelihoods_ms0502-lpr-3.jpg?w=2000&amp;ssl=1 2000w, https:\/\/i0.wp.com\/www.mcclaca.org\/wp-content\/uploads\/2020\/03\/RS88749_BOL20180502_livelihoods_ms0502-lpr-3.jpg?w=1500&amp;ssl=1 1500w\" sizes=\"(max-width: 750px) 100vw, 750px\" \/><p id=\"caption-attachment-10723\" class=\"wp-caption-text\"><span lang=\"es\">Monta\u00f1as <\/span>vistas desde El Alto. Foto CCM\/Matthew Sawatzky.<\/p><\/div>\n<p>Como especie nos preocupamos frecuentemente por las relaciones entre nosotros mismos, pero tendemos a olvidar nuestras relaciones con las dem\u00e1s especies. Muchos pa\u00edses est\u00e1n entrando en cuarentena total y est\u00e1 bien porque es una medida para detener la expansi\u00f3n y muerte. \u00bfNo es, acaso, una demostraci\u00f3n de que s\u00f3lo nos preocupamos por nosotros mismos en t\u00e9rminos de urgencia y no de importancia?<\/p>\n<p>Es urgente y necesario cuidarnos y cuidar, especialmente a los sectores poblacionales m\u00e1s vulnerables, pero \u00bfqu\u00e9 es lo importante? Lo importante es evidenciar las consecuencias de nuestro comportamiento actual; en qu\u00e9 nos hemos convertido, cu\u00e1l es el sentido de nuestra vida, \u00bfQu\u00e9 es la vida?<\/p>\n<p>Lo importante no desmerece lo urgente. Por eso, no podemos dejar de exigir que los gobiernos lideren el combate al coronavirus, que protejan a las poblaciones y que todos y todas, no solo animemos a buscar urgentemente una vacuna para combatirlo, sino que nos cuidemos solidariamente. Eso lo sabemos.<\/p>\n<p>Tambi\u00e9n sabemos que la basura nunca se elimina, sino que circula. Sabemos que la materia nunca se pierde, sino que se transforma. Sabemos que hay l\u00edmites naturales al crecimiento econ\u00f3mico; sin embargo, estos saberes no los hemos interiorizado porque nuestra cultura nos dice que los humanos dominan la tierra. Y la cultura s\u00f3lo ve dinero. El avance de la sociedad se mide en n\u00famero de coches y celulares vendidos. Sabemos que la injustica produce pobreza y miseria material y espiritual. Sabemos todo eso \u00bfPor qu\u00e9 no hacemos algo para remediarlo?<\/p>\n<p>En general le tenemos miedo a la crisis econ\u00f3mica que se avecina, pero la desaceleraci\u00f3n de la actividad econ\u00f3mica a nivel planetario en los \u00faltimos meses, por las cuarentenas obligatorias provocadas por el coronavirus, ya tiene un positivo impacto: Se registra una r\u00e1pida reducci\u00f3n de la contaminaci\u00f3n y del efecto invernadero en varias zonas del mundo. La concentraci\u00f3n de di\u00f3xido de nitr\u00f3geno, uno de los contaminantes m\u00e1s frecuentes en zonas urbanas, disminuy\u00f3 entre 30% y 50% en varias de las grandes ciudades. Tal como muestran las im\u00e1genes de la NASA tomadas desde finales de enero 2020.<\/p>\n<div id=\"attachment_10717\" style=\"width: 760px\" class=\"wp-caption aligncenter\"><img data-recalc-dims=\"1\" decoding=\"async\" aria-describedby=\"caption-attachment-10717\" class=\"size-large wp-image-10717\" src=\"https:\/\/i0.wp.com\/www.mcclaca.org\/wp-content\/uploads\/2020\/03\/RS88734_BOL20180502_livelihoods_ms0487-lpr.jpg?resize=750%2C500&#038;ssl=1\" alt=\"\" width=\"750\" height=\"500\" srcset=\"https:\/\/i0.wp.com\/www.mcclaca.org\/wp-content\/uploads\/2020\/03\/RS88734_BOL20180502_livelihoods_ms0487-lpr.jpg?resize=1024%2C682&amp;ssl=1 1024w, https:\/\/i0.wp.com\/www.mcclaca.org\/wp-content\/uploads\/2020\/03\/RS88734_BOL20180502_livelihoods_ms0487-lpr.jpg?resize=300%2C200&amp;ssl=1 300w, https:\/\/i0.wp.com\/www.mcclaca.org\/wp-content\/uploads\/2020\/03\/RS88734_BOL20180502_livelihoods_ms0487-lpr.jpg?resize=768%2C512&amp;ssl=1 768w, https:\/\/i0.wp.com\/www.mcclaca.org\/wp-content\/uploads\/2020\/03\/RS88734_BOL20180502_livelihoods_ms0487-lpr.jpg?resize=360%2C240&amp;ssl=1 360w, https:\/\/i0.wp.com\/www.mcclaca.org\/wp-content\/uploads\/2020\/03\/RS88734_BOL20180502_livelihoods_ms0487-lpr.jpg?resize=600%2C400&amp;ssl=1 600w, https:\/\/i0.wp.com\/www.mcclaca.org\/wp-content\/uploads\/2020\/03\/RS88734_BOL20180502_livelihoods_ms0487-lpr.jpg?w=2000&amp;ssl=1 2000w, https:\/\/i0.wp.com\/www.mcclaca.org\/wp-content\/uploads\/2020\/03\/RS88734_BOL20180502_livelihoods_ms0487-lpr.jpg?w=1500&amp;ssl=1 1500w\" sizes=\"(max-width: 750px) 100vw, 750px\" \/><p id=\"caption-attachment-10717\" class=\"wp-caption-text\">Agua en el techo de una huerta en El Alto. Foto CCM\/Matthew Sawatzky.<\/p><\/div>\n<p>COVID-19 es mortal pero las consecuencias del cambio clim\u00e1tico, incluso los niveles actuales de la contaminaci\u00f3n del aire, son a\u00fan m\u00e1s mortales. En China, por ejemplo, donde se reportan m\u00e1s de 3.000 hasta la fecha, mueren en promedio 1,1 millones de personas por a\u00f1o v\u00edctimas del \u201cairepocal\u00edpsis\u201d, la masiva nube de esmog sobre China.<\/p>\n<p>\u00bfQu\u00e9 somos los humanos? Biol\u00f3gicamente somos una asociaci\u00f3n de seres. En nuestro organismo, dentro y encima de nuestro cuerpo, viven millones de bacterias, levaduras, \u00e1caros, hongos y otros organismos. Por ejemplo, en nuestro sistema digestivo existe, en promedio, un kilogramo de bacterias de varios cientos de especies y\u2026 convivimos con ellas.<\/p>\n<p>De acuerdo a los cient\u00edficos Lynn Margulis y Dorion Sagan, nuestro pasado est\u00e1 en nosotros mismos. <em>\u201cM\u00e1s del 98% de nuestros genes los compartimos con los chimpanc\u00e9s, nuestro sudor es una reminiscencia del agua de mar y ansiamos el az\u00facar que suministr\u00f3 energ\u00eda a nuestros ancestros bacterianos hace 3.000 millones de a\u00f1os y, por tanto, el ser humano no puede elevarse por encima de la naturaleza\u201d<\/em>.<\/p>\n<div id=\"attachment_10713\" style=\"width: 810px\" class=\"wp-caption aligncenter\"><img data-recalc-dims=\"1\" loading=\"lazy\" decoding=\"async\" aria-describedby=\"caption-attachment-10713\" class=\"wp-image-10713 size-full\" src=\"https:\/\/i0.wp.com\/www.mcclaca.org\/wp-content\/uploads\/2020\/03\/IMG_2411.jpg?resize=750%2C563&#038;ssl=1\" alt=\"\" width=\"750\" height=\"563\" srcset=\"https:\/\/i0.wp.com\/www.mcclaca.org\/wp-content\/uploads\/2020\/03\/IMG_2411.jpg?w=800&amp;ssl=1 800w, https:\/\/i0.wp.com\/www.mcclaca.org\/wp-content\/uploads\/2020\/03\/IMG_2411.jpg?resize=300%2C225&amp;ssl=1 300w, https:\/\/i0.wp.com\/www.mcclaca.org\/wp-content\/uploads\/2020\/03\/IMG_2411.jpg?resize=768%2C576&amp;ssl=1 768w, https:\/\/i0.wp.com\/www.mcclaca.org\/wp-content\/uploads\/2020\/03\/IMG_2411.jpg?resize=80%2C60&amp;ssl=1 80w\" sizes=\"(max-width: 750px) 100vw, 750px\" \/><p id=\"caption-attachment-10713\" class=\"wp-caption-text\">Vicu\u00f1as, una especie Boliviana en peligro. Foto: Edgar Chuquimia Ramos<\/p><\/div>\n<p>Es urgente protegernos del COVID-19, pero tambi\u00e9n es urgente e importante tomar conciencia de que como especie humana, conformada por un poco m\u00e1s de 7 mil millones de personas, somos un gigantesco consumidor de alimentos, carb\u00f3n, petr\u00f3leo, agua, minerales, metales y silicio. Sin embargo, esta no es la raz\u00f3n de un potencial riesgo de desastre ecol\u00f3gico global. La raz\u00f3n es la injusta distribuci\u00f3n de estos bienes comunes, porque es la acumulaci\u00f3n ego\u00edsta de parte de un peque\u00f1\u00edsimo grupo de humanos.<\/p>\n<p>La presente pandemia nos recuerda que nos hemos olvidado de que el destino de los seres humanos est\u00e1 unido al de las otras especies, pues somos parte de la fisiolog\u00eda global porque cada respiraci\u00f3n nos conecta con el resto de la biosfera.<\/p>\n<p>Los humanos no podemos pretender seguir dominando la naturaleza. Tenemos que comprender que estamos profundamente inmersos en la naturaleza, que somos parte de ella, que la vida no es nuestro dominio, que somos parte de la vida. Con o sin nosotros, la vida continuar\u00e1 por miles de millones de a\u00f1os m\u00e1s.<\/p>\n<p>Pero como somos seres con inteligencia, con sentimientos y amantes de la vida podemos cambiar el rumbo de nuestro propio destino, particular y especialmente por el derecho a la vida de quienes a\u00fan no han nacido.<\/p>\n<div id=\"attachment_10725\" style=\"width: 760px\" class=\"wp-caption alignnone\"><img data-recalc-dims=\"1\" loading=\"lazy\" decoding=\"async\" aria-describedby=\"caption-attachment-10725\" class=\"wp-image-10725 size-large\" src=\"https:\/\/i0.wp.com\/www.mcclaca.org\/wp-content\/uploads\/2020\/03\/RS88832_BOL20180503_livelihoods_ms0586-lpr.jpg?resize=750%2C500&#038;ssl=1\" alt=\"\" width=\"750\" height=\"500\" srcset=\"https:\/\/i0.wp.com\/www.mcclaca.org\/wp-content\/uploads\/2020\/03\/RS88832_BOL20180503_livelihoods_ms0586-lpr.jpg?resize=1024%2C682&amp;ssl=1 1024w, https:\/\/i0.wp.com\/www.mcclaca.org\/wp-content\/uploads\/2020\/03\/RS88832_BOL20180503_livelihoods_ms0586-lpr.jpg?resize=300%2C200&amp;ssl=1 300w, https:\/\/i0.wp.com\/www.mcclaca.org\/wp-content\/uploads\/2020\/03\/RS88832_BOL20180503_livelihoods_ms0586-lpr.jpg?resize=768%2C512&amp;ssl=1 768w, https:\/\/i0.wp.com\/www.mcclaca.org\/wp-content\/uploads\/2020\/03\/RS88832_BOL20180503_livelihoods_ms0586-lpr.jpg?resize=360%2C240&amp;ssl=1 360w, https:\/\/i0.wp.com\/www.mcclaca.org\/wp-content\/uploads\/2020\/03\/RS88832_BOL20180503_livelihoods_ms0586-lpr.jpg?resize=600%2C400&amp;ssl=1 600w, https:\/\/i0.wp.com\/www.mcclaca.org\/wp-content\/uploads\/2020\/03\/RS88832_BOL20180503_livelihoods_ms0586-lpr.jpg?w=2000&amp;ssl=1 2000w, https:\/\/i0.wp.com\/www.mcclaca.org\/wp-content\/uploads\/2020\/03\/RS88832_BOL20180503_livelihoods_ms0586-lpr.jpg?w=1500&amp;ssl=1 1500w\" sizes=\"(max-width: 750px) 100vw, 750px\" \/><p id=\"caption-attachment-10725\" class=\"wp-caption-text\">MCC photo\/Matthew Sawatzky<\/p><\/div>\n<p><em>Oscar Rea Campos es director de\u00a0Fundaci\u00f3n Comunidad y Axi\u00f3n, un socio de CCM ubicado en El Alto, Bolivia.<\/em><\/p>\n","protected":false},"excerpt":{"rendered":"<p>El cambio clim\u00e1tico, en el 2019, provoc\u00f3 enormes consecuencias sobre la salud, la comida y el hogar de miles de millones de personas; puso en riesgo la vida marina y a una gran cantidad de ecosistemas; la concentraci\u00f3n de gases de efecto invernadero en la atm\u00f3sfera como CO2, metano y \u00f3xido nitroso alcanz\u00f3 niveles r\u00e9cord. [&hellip;]<\/p>\n","protected":false},"author":5,"featured_media":10715,"comment_status":"open","ping_status":"open","sticky":false,"template":"","format":"standard","meta":{"nf_dc_page":"","_jetpack_newsletter_access":"","_jetpack_dont_email_post_to_subs":false,"_jetpack_newsletter_tier_id":0,"_jetpack_memberships_contains_paywalled_content":false,"_jetpack_feature_clip_id":0,"_jetpack_memberships_contains_paid_content":false,"footnotes":"","jetpack_publicize_message":"","jetpack_publicize_feature_enabled":true,"jetpack_social_post_already_shared":false,"jetpack_social_options":{"image_generator_settings":{"template":"highway","default_image_id":0,"font":"","enabled":false},"version":2},"jetpack_post_was_ever_published":false},"categories":[432,445,397],"tags":[],"class_list":["post-10712","post","type-post","status-publish","format-standard","has-post-thumbnail","hentry","category-bolivia-es","category-cambio-climatico","category-incidencia-politica"],"jetpack_publicize_connections":[],"jetpack_sharing_enabled":true,"jetpack_shortlink":"https:\/\/wp.me\/p7pJjQ-2MM","jetpack-related-posts":[{"id":11907,"url":"https:\/\/www.mcclaca.org\/es\/sobre-un-terreno-inestable-como-el-cambio-climatico-esta-complicando-la-vida-de-los-campesinos-de-bolivia\/","url_meta":{"origin":10712,"position":0},"title":"Sobre un terreno inestable: c\u00f3mo el cambio clim\u00e1tico est\u00e1 complicando la vida de los campesinos de Bolivia","author":"Admin","date":"5 de septiembre de 2022","format":false,"excerpt":"Despu\u00e9s de nuestra segunda visita del d\u00eda, nos tomamos un momento para sentarnos, comer y charlar un poco m\u00e1s con los miembros de la comunidad Chucarasi del Norte de Potos\u00ed (Bolivia). Despu\u00e9s de terminar un plato completo de papas y verduras reci\u00e9n cosechados, el taz\u00f3n rojo rebosante de duraznos fue\u2026","rel":"","context":"En \u00abBoliva\u00bb","block_context":{"text":"Boliva","link":"https:\/\/www.mcclaca.org\/es\/category\/boliva\/"},"img":{"alt_text":"","src":"https:\/\/i0.wp.com\/www.mcclaca.org\/wp-content\/uploads\/2022\/09\/RS115737_IMG_1293-lpr.jpg?fit=1200%2C800&ssl=1&resize=350%2C200","width":350,"height":200,"srcset":"https:\/\/i0.wp.com\/www.mcclaca.org\/wp-content\/uploads\/2022\/09\/RS115737_IMG_1293-lpr.jpg?fit=1200%2C800&ssl=1&resize=350%2C200 1x, https:\/\/i0.wp.com\/www.mcclaca.org\/wp-content\/uploads\/2022\/09\/RS115737_IMG_1293-lpr.jpg?fit=1200%2C800&ssl=1&resize=525%2C300 1.5x, https:\/\/i0.wp.com\/www.mcclaca.org\/wp-content\/uploads\/2022\/09\/RS115737_IMG_1293-lpr.jpg?fit=1200%2C800&ssl=1&resize=700%2C400 2x, https:\/\/i0.wp.com\/www.mcclaca.org\/wp-content\/uploads\/2022\/09\/RS115737_IMG_1293-lpr.jpg?fit=1200%2C800&ssl=1&resize=1050%2C600 3x"},"classes":[]},{"id":12431,"url":"https:\/\/www.mcclaca.org\/las-piedras-claman-peace-camp-akron-10-al-15-de-marzo\/","url_meta":{"origin":10712,"position":1},"title":"Las piedras claman \u2013 Peace Camp, Akron | 10 al 15 de marzo\u00a0","author":"Admin","date":"30 de mayo de 2025","format":false,"excerpt":"Escuchar, Preguntar, Caminar: Una reflexi\u00f3n sobre la justicia\u00a0por Jessica Gonz\u00e1lez, Facilitadora de PMER y PSEA en Bolivia El mes pasado tuve la oportunidad de participar en el Peace Camp realizado en Akron, donde participaron integrantes de Estados Unidos, Zimbabue, Mozambique, Kenia, Etiop\u00eda e India. Fue un espacio para reflexionar sobre\u2026","rel":"","context":"En \u00abAbout MCC LACA\u00bb","block_context":{"text":"About MCC LACA","link":"https:\/\/www.mcclaca.org\/category\/about-mcc-laca\/"},"img":{"alt_text":"","src":"https:\/\/i0.wp.com\/www.mcclaca.org\/wp-content\/uploads\/2025\/05\/Jessica-3.jpg?fit=1200%2C799&ssl=1&resize=350%2C200","width":350,"height":200,"srcset":"https:\/\/i0.wp.com\/www.mcclaca.org\/wp-content\/uploads\/2025\/05\/Jessica-3.jpg?fit=1200%2C799&ssl=1&resize=350%2C200 1x, https:\/\/i0.wp.com\/www.mcclaca.org\/wp-content\/uploads\/2025\/05\/Jessica-3.jpg?fit=1200%2C799&ssl=1&resize=525%2C300 1.5x, https:\/\/i0.wp.com\/www.mcclaca.org\/wp-content\/uploads\/2025\/05\/Jessica-3.jpg?fit=1200%2C799&ssl=1&resize=700%2C400 2x, https:\/\/i0.wp.com\/www.mcclaca.org\/wp-content\/uploads\/2025\/05\/Jessica-3.jpg?fit=1200%2C799&ssl=1&resize=1050%2C600 3x"},"classes":[]},{"id":12171,"url":"https:\/\/www.mcclaca.org\/es\/seguir-adelante-en-medio-de-la-pesadumbre\/","url_meta":{"origin":10712,"position":2},"title":"Seguir adelante en medio de la pesadumbre","author":"Admin","date":"22 de mayo de 2023","format":false,"excerpt":"Una de las cosas que m\u00e1s me persiguen en Casa del Migrante \u2018Scalabrini\u2019 - Guatemala (CdMSG) es el camino por venir que las personas viajando hacia el norte van a encontrar mientras salgan CdMSG, contin\u00faen su trayecto por M\u00e9xico y lleguen a la frontera con los Estados Unidos. Los migrantes\u2026","rel":"","context":"En \u00abGuatemala\u00bb","block_context":{"text":"Guatemala","link":"https:\/\/www.mcclaca.org\/es\/category\/programas\/guatemala-es\/"},"img":{"alt_text":"","src":"https:\/\/i0.wp.com\/www.mcclaca.org\/wp-content\/uploads\/2023\/05\/RS123943_0Z8A0841-lpr.jpg?fit=1200%2C800&ssl=1&resize=350%2C200","width":350,"height":200,"srcset":"https:\/\/i0.wp.com\/www.mcclaca.org\/wp-content\/uploads\/2023\/05\/RS123943_0Z8A0841-lpr.jpg?fit=1200%2C800&ssl=1&resize=350%2C200 1x, https:\/\/i0.wp.com\/www.mcclaca.org\/wp-content\/uploads\/2023\/05\/RS123943_0Z8A0841-lpr.jpg?fit=1200%2C800&ssl=1&resize=525%2C300 1.5x, https:\/\/i0.wp.com\/www.mcclaca.org\/wp-content\/uploads\/2023\/05\/RS123943_0Z8A0841-lpr.jpg?fit=1200%2C800&ssl=1&resize=700%2C400 2x, https:\/\/i0.wp.com\/www.mcclaca.org\/wp-content\/uploads\/2023\/05\/RS123943_0Z8A0841-lpr.jpg?fit=1200%2C800&ssl=1&resize=1050%2C600 3x"},"classes":[]},{"id":11990,"url":"https:\/\/www.mcclaca.org\/es\/en-primera-persona-gabriel-acarapi-chuca\/","url_meta":{"origin":10712,"position":3},"title":"En primera persona: Gabriel Acarapi Chuca","author":"Admin","date":"19 de octubre de 2022","format":false,"excerpt":"Crec\u00ed en una comunidad en la que mi abuelo era agricultor y, como la mayor\u00eda de los aqu\u00ed presentes, pertenecemos a una comunidad ind\u00edgena. Nos han educado sabiendo que tenemos que levantarnos temprano y ayudar en la granja y trabajar la tierra para apoyar a la familia. El conocimiento ancestral\u2026","rel":"","context":"En \u00abBolivia\u00bb","block_context":{"text":"Bolivia","link":"https:\/\/www.mcclaca.org\/es\/category\/programas\/bolivia-es\/"},"img":{"alt_text":"","src":"https:\/\/i0.wp.com\/www.mcclaca.org\/wp-content\/uploads\/2022\/10\/RS115707_IMG_1110-lpr-1.jpg?fit=1200%2C800&ssl=1&resize=350%2C200","width":350,"height":200,"srcset":"https:\/\/i0.wp.com\/www.mcclaca.org\/wp-content\/uploads\/2022\/10\/RS115707_IMG_1110-lpr-1.jpg?fit=1200%2C800&ssl=1&resize=350%2C200 1x, https:\/\/i0.wp.com\/www.mcclaca.org\/wp-content\/uploads\/2022\/10\/RS115707_IMG_1110-lpr-1.jpg?fit=1200%2C800&ssl=1&resize=525%2C300 1.5x, https:\/\/i0.wp.com\/www.mcclaca.org\/wp-content\/uploads\/2022\/10\/RS115707_IMG_1110-lpr-1.jpg?fit=1200%2C800&ssl=1&resize=700%2C400 2x, https:\/\/i0.wp.com\/www.mcclaca.org\/wp-content\/uploads\/2022\/10\/RS115707_IMG_1110-lpr-1.jpg?fit=1200%2C800&ssl=1&resize=1050%2C600 3x"},"classes":[]},{"id":12020,"url":"https:\/\/www.mcclaca.org\/es\/la-seguridad-que-los-pueblos-necesitan-parte-ii\/","url_meta":{"origin":10712,"position":4},"title":"La seguridad que los pueblos necesitan: Parte II","author":"Admin","date":"30 de enero de 2023","format":false,"excerpt":"Parte II de II. Lea la primera parte aqu\u00ed. Las voces de los pueblos En un reciente encuentro con un grupo focal del Observatorio de mujeres en Guerrero, se sonde\u00f3 cu\u00e1l era la percepci\u00f3n de la presencia de armas de fuego en sus territorios por los \u00faltimos 10 a\u00f1os (2012\u2026","rel":"","context":"En \u00abIncidencia Pol\u00edtica\u00bb","block_context":{"text":"Incidencia Pol\u00edtica","link":"https:\/\/www.mcclaca.org\/es\/category\/incidencia-politica\/"},"img":{"alt_text":"","src":"https:\/\/i0.wp.com\/www.mcclaca.org\/wp-content\/uploads\/2022\/11\/RS116144_Colorado2022-137-lpr.jpg?fit=1200%2C800&ssl=1&resize=350%2C200","width":350,"height":200,"srcset":"https:\/\/i0.wp.com\/www.mcclaca.org\/wp-content\/uploads\/2022\/11\/RS116144_Colorado2022-137-lpr.jpg?fit=1200%2C800&ssl=1&resize=350%2C200 1x, https:\/\/i0.wp.com\/www.mcclaca.org\/wp-content\/uploads\/2022\/11\/RS116144_Colorado2022-137-lpr.jpg?fit=1200%2C800&ssl=1&resize=525%2C300 1.5x, https:\/\/i0.wp.com\/www.mcclaca.org\/wp-content\/uploads\/2022\/11\/RS116144_Colorado2022-137-lpr.jpg?fit=1200%2C800&ssl=1&resize=700%2C400 2x, https:\/\/i0.wp.com\/www.mcclaca.org\/wp-content\/uploads\/2022\/11\/RS116144_Colorado2022-137-lpr.jpg?fit=1200%2C800&ssl=1&resize=1050%2C600 3x"},"classes":[]},{"id":11697,"url":"https:\/\/www.mcclaca.org\/es\/mas-empatia-mas-accion-y-mas-gratitud\/","url_meta":{"origin":10712,"position":5},"title":"M\u00e1s empat\u00eda, m\u00e1s acci\u00f3n y m\u00e1s gratitud","author":"Admin","date":"8 de junio de 2022","format":false,"excerpt":"Creo fielmente que las experiencias que se viven no son por casualidad, que te ense\u00f1an grandes lecciones de vida, que te ayudan a crecer y ser m\u00e1s consciente de lo que otros viven.\u00a0 En esta historia quiero hablar acerca de lo que Dios me ha querido ense\u00f1ar y lo que\u2026","rel":"","context":"En \u00abHonduras\u00bb","block_context":{"text":"Honduras","link":"https:\/\/www.mcclaca.org\/es\/category\/programas\/honduras-es\/"},"img":{"alt_text":"","src":"https:\/\/i0.wp.com\/www.mcclaca.org\/wp-content\/uploads\/2022\/06\/Picture2.png?fit=1027%2C578&ssl=1&resize=350%2C200","width":350,"height":200,"srcset":"https:\/\/i0.wp.com\/www.mcclaca.org\/wp-content\/uploads\/2022\/06\/Picture2.png?fit=1027%2C578&ssl=1&resize=350%2C200 1x, https:\/\/i0.wp.com\/www.mcclaca.org\/wp-content\/uploads\/2022\/06\/Picture2.png?fit=1027%2C578&ssl=1&resize=525%2C300 1.5x, https:\/\/i0.wp.com\/www.mcclaca.org\/wp-content\/uploads\/2022\/06\/Picture2.png?fit=1027%2C578&ssl=1&resize=700%2C400 2x"},"classes":[]}],"jetpack_featured_media_url":"https:\/\/i0.wp.com\/www.mcclaca.org\/wp-content\/uploads\/2020\/03\/RS88660_BOL20180428_livelihoods_ms0413-lpr.jpg?fit=2000%2C1333&ssl=1","_links":{"self":[{"href":"https:\/\/www.mcclaca.org\/es\/wp-json\/wp\/v2\/posts\/10712","targetHints":{"allow":["GET"]}}],"collection":[{"href":"https:\/\/www.mcclaca.org\/es\/wp-json\/wp\/v2\/posts"}],"about":[{"href":"https:\/\/www.mcclaca.org\/es\/wp-json\/wp\/v2\/types\/post"}],"author":[{"embeddable":true,"href":"https:\/\/www.mcclaca.org\/es\/wp-json\/wp\/v2\/users\/5"}],"replies":[{"embeddable":true,"href":"https:\/\/www.mcclaca.org\/es\/wp-json\/wp\/v2\/comments?post=10712"}],"version-history":[{"count":5,"href":"https:\/\/www.mcclaca.org\/es\/wp-json\/wp\/v2\/posts\/10712\/revisions"}],"predecessor-version":[{"id":10735,"href":"https:\/\/www.mcclaca.org\/es\/wp-json\/wp\/v2\/posts\/10712\/revisions\/10735"}],"wp:featuredmedia":[{"embeddable":true,"href":"https:\/\/www.mcclaca.org\/es\/wp-json\/wp\/v2\/media\/10715"}],"wp:attachment":[{"href":"https:\/\/www.mcclaca.org\/es\/wp-json\/wp\/v2\/media?parent=10712"}],"wp:term":[{"taxonomy":"category","embeddable":true,"href":"https:\/\/www.mcclaca.org\/es\/wp-json\/wp\/v2\/categories?post=10712"},{"taxonomy":"post_tag","embeddable":true,"href":"https:\/\/www.mcclaca.org\/es\/wp-json\/wp\/v2\/tags?post=10712"}],"curies":[{"name":"wp","href":"https:\/\/api.w.org\/{rel}","templated":true}]}}