{"id":11090,"date":"2020-08-28T13:32:58","date_gmt":"2020-08-28T18:32:58","guid":{"rendered":"http:\/\/www.mcclaca.org\/?p=11090\/"},"modified":"2020-08-28T13:34:27","modified_gmt":"2020-08-28T18:34:27","slug":"violencia-contra-la-juventud-en-colombia-noticias","status":"publish","type":"post","link":"https:\/\/www.mcclaca.org\/es\/violencia-contra-la-juventud-en-colombia-noticias\/","title":{"rendered":"Violencia contra la juventud en Colombia: noticias"},"content":{"rendered":"\n<div class=\"wp-block-group\"><div class=\"wp-block-group__inner-container is-layout-flow wp-block-group-is-layout-flow\">\n<p class=\"wp-block-paragraph\">(<em>English resources below)<\/em><\/p>\n\n\n\n<p class=\"wp-block-paragraph\">Durante las \u00faltimas semanas, la frecuencia de los masacres y asesinatos de j\u00f3venes en Colombia se ha disparado de una manera alarmante.&nbsp;Aqu\u00ed hemos recopilado algunos art\u00edculos y an\u00e1lisis, en espa\u00f1ol e ingles (abajo), para darles un contexto mas amplio para los acontecimientos recientes.<\/p>\n\n\n\n<hr class=\"wp-block-separator\"\/>\n<\/div><\/div>\n\n\n\n<p class=\"wp-block-paragraph\"><a href=\"http:\/\/dipazcolombia.org\/masacres-acuerdo-de-paz-acuerdo-humanitario\/\" target=\"_blank\" rel=\"noreferrer noopener\"><strong>Antes las masacres exigimos implementar el acuerdo de paz y un acuerdo humanitario<\/strong><\/a><\/p>\n\n\n\n<p class=\"wp-block-paragraph\"><em>Las masacres ocurridas en las \u00faltimas semanas en Caucasia-Antioquia, Cali-Valle; Ipiales-Nari\u00f1o, Leiva-Nari\u00f1o, Samaniego-Nari\u00f1o, Arauca y Valencia-Antioquia en las que ha cobrado la vida de ni\u00f1as, ni\u00f1os y j\u00f3venes, se suman al asesinato de 166 l\u00edderes sociales y\/o defensores de derechos humanos y 36 ex guerrilleros de FARC en proceso de reincorporaci\u00f3n, as\u00ed como incontables situaciones de violencia y vulneraciones de derechos humanos&nbsp;en lo corrido del a\u00f1o 2020 y que afectan gravemente a ind\u00edgenas, afros y campesinos en zonas como Cauca, Antioquia, Choc\u00f3 y Norte de Santander, entre otros.<\/em><\/p>\n\n\n\n<p class=\"wp-block-paragraph\"><\/p>\n\n\n\n<p class=\"wp-block-paragraph\"><a href=\"https:\/\/www.eltiempo.com\/colombia\/otras-ciudades\/jovenes-asesinados-las-ultimas-masacres-en-colombia-531496\" target=\"_blank\" rel=\"noreferrer noopener\"><strong>El pa\u00eds que sigue matando a sus j\u00f3venes<\/strong><\/a><\/p>\n\n\n\n<p class=\"wp-block-paragraph\"><em>Y en medio de esas disputas, seg\u00fan explica Miguel Garc\u00eda, director del Observatorio de la Democracia de la Universidad de los Andes, \u201clos j\u00f3venes suelen ser las personas m\u00e1s vulnerables a las acciones de los grupos armados, bien sea porque los muchachos tienen contacto con esos grupos, o porque est\u00e1n en zonas territoriales controladas por estos\u201d.<\/em><\/p>\n\n\n\n<p class=\"wp-block-paragraph\"><\/p>\n\n\n\n<p class=\"wp-block-paragraph\"><strong><a href=\"http:\/\/www.elespectador-mailing.com\/VO\/MTEzNg%3d%3d\/MjE2NDU%3d\/Nzc0MTM3\/MTAxMjY4Mg%3d%3d\/ZWxpemFiZXRoLm1pbGxlci5tQGdtYWlsLmNvbQ%3d%3d\/NDE3MTQw\/MA%3d%3d\/MTE5NjU3NQ%3d%3d\/R21haWw%3d\/MTA4NDkzNg%3d%3d\" target=\"_blank\" rel=\"noreferrer noopener\">El Espectador le explica: el regreso de las masacres en Colombia<\/a><\/strong><\/p>\n\n\n\n<p class=\"wp-block-paragraph\"><em>Varios dijeron, con raz\u00f3n, que&nbsp;<a rel=\"noreferrer noopener\" href=\"http:\/\/www.elespectador-mailing.com\/click2.aspx?utm_source=SWNvbW1hcmtldGluZw%3d%3d&amp;utm_medium=ZW1haWw%3d&amp;utm_content=RUVfTGVFeHBsaWNhX1JFR18xOS0wOC0yMDIw&amp;utm_campaign=SWNvbW1hcmtldGluZyAtIFN1c2NyaXBjacOzbiBkaWdpdGFsIC0gRUUgbGUgZXhwbGljYSAxOSBhZ29zdG8%3d&amp;boton=ODc5MjA1OA%3d%3d&amp;config=MTAxMjY4Mg%3d%3d&amp;envionro=MTE5NjU3NQ%3d%3d&amp;codEmail=MTE5NjU3NQ%3d%3d&amp;email=ZWxpemFiZXRoLm1pbGxlci5tQGdtYWlsLmNvbQ%3d%3d&amp;viral=MA%3d%3d&amp;nombreProv=R21haWw%3d&amp;link=https:\/\/www.elespectador.com\/colombia2020\/pais\/la-guerra-se-recrudece-en-narino\/\" target=\"_blank\">la violencia nos est\u00e1 consumiendo.<\/a>&nbsp;M\u00e1s grave incluso cuando el que lo dice es el gobernador de Nari\u00f1o, reconociendo que en menos de una semana ya se contaban cuatro hechos de violencia con 13 personas muertas.&nbsp; O que&nbsp;<a rel=\"noreferrer noopener\" href=\"http:\/\/www.elespectador-mailing.com\/click2.aspx?utm_source=SWNvbW1hcmtldGluZw%3d%3d&amp;utm_medium=ZW1haWw%3d&amp;utm_content=RUVfTGVFeHBsaWNhX1JFR18xOS0wOC0yMDIw&amp;utm_campaign=SWNvbW1hcmtldGluZyAtIFN1c2NyaXBjacOzbiBkaWdpdGFsIC0gRUUgbGUgZXhwbGljYSAxOSBhZ29zdG8%3d&amp;boton=ODc5MjA1OQ%3d%3d&amp;config=MTAxMjY4Mg%3d%3d&amp;envionro=MTE5NjU3NQ%3d%3d&amp;codEmail=MTE5NjU3NQ%3d%3d&amp;email=ZWxpemFiZXRoLm1pbGxlci5tQGdtYWlsLmNvbQ%3d%3d&amp;viral=MA%3d%3d&amp;nombreProv=R21haWw%3d&amp;link=https:\/\/www.elespectador.com\/colombia2020\/pais\/onu-rechaza-aumento-de-violencia-en-colombia\/\" target=\"_blank\">Naciones Unidas hiciera p\u00fablica su preocupaci\u00f3n por las masacres y homicidios en varias regiones del pa\u00eds.<\/a><\/em><\/p>\n\n\n\n<p class=\"wp-block-paragraph\"><\/p>\n\n\n\n<figure class=\"wp-block-image size-large\"><img data-recalc-dims=\"1\" fetchpriority=\"high\" decoding=\"async\" width=\"750\" height=\"563\" src=\"https:\/\/i0.wp.com\/www.mcclaca.org\/wp-content\/uploads\/2020\/08\/RS82590_COL2017_Edupaz_breadpeace_004-scr.jpg?resize=750%2C563&#038;ssl=1\" alt=\"\" class=\"wp-image-11077\" srcset=\"https:\/\/i0.wp.com\/www.mcclaca.org\/wp-content\/uploads\/2020\/08\/RS82590_COL2017_Edupaz_breadpeace_004-scr.jpg?w=850&amp;ssl=1 850w, https:\/\/i0.wp.com\/www.mcclaca.org\/wp-content\/uploads\/2020\/08\/RS82590_COL2017_Edupaz_breadpeace_004-scr.jpg?resize=300%2C225&amp;ssl=1 300w, https:\/\/i0.wp.com\/www.mcclaca.org\/wp-content\/uploads\/2020\/08\/RS82590_COL2017_Edupaz_breadpeace_004-scr.jpg?resize=768%2C576&amp;ssl=1 768w, https:\/\/i0.wp.com\/www.mcclaca.org\/wp-content\/uploads\/2020\/08\/RS82590_COL2017_Edupaz_breadpeace_004-scr.jpg?resize=80%2C60&amp;ssl=1 80w\" sizes=\"(max-width: 750px) 100vw, 750px\" \/><figcaption><em><span style=\"color:#0092ac\" class=\"has-inline-color\">Estudiantes marchan por la paz en un evento organizado por Edupaz, un socio de CCM, en Cali, Colombia, por el D\u00eda Internacional de la Paz, 21 de septiembre 2017.<\/span><\/em> <em><span style=\"color:#0092ac\" class=\"has-inline-color\">Foto cortes\u00eda de Edupaz.<\/span><\/em><br><em><span style=\"color:#0092ac\" class=\"has-inline-color\">Students march for peace at an event organized by MCC partner Edupaz in Cali, Colombia, <br>on September 21st, International Day of Peace, in 2017. Photo courtesy of Edupaz.<\/span><\/em><\/figcaption><\/figure>\n\n\n\n<p class=\"wp-block-paragraph\"><\/p>\n\n\n\n<p class=\"wp-block-paragraph\">In recent weeks, the frequency of massacres and murders committed against youth in Colombia has increased alarmingly. Here we&#8217;ve collected some articles and analysis offering a broader context for recent events.<\/p>\n\n\n\n<p class=\"wp-block-paragraph\"><strong><a href=\"https:\/\/www.wola.org\/2020\/08\/colombia-must-seek-justice-massacre-5-afro-colombian-teenagers\/\" target=\"_blank\" rel=\"noreferrer noopener\">Colombian Authorities Must Seek Justice for Brutal Massacre of 5 Afro-Colombian Teenagers<\/a><\/strong><\/p>\n\n\n\n<p class=\"wp-block-paragraph\"><em>Peace is not possible without listening to the communities most affected by violence. For years, the Colombian government has faltered in its efforts to implement the 2016 peace accords. It continues to fail in establishing state presence in areas dominated by armed actors. Nowhere is that failure more evident than in Afro-Colombian and Indigenous communities who have suffered far too many tragedies like the one in Llano Verde.<\/em><\/p>\n\n\n\n<p class=\"wp-block-paragraph\"><\/p>\n\n\n\n<p class=\"wp-block-paragraph\"><a href=\"https:\/\/www.insightcrime.org\/news\/brief\/drug-trafficking-violence-colombia\/\" target=\"_blank\" rel=\"noreferrer noopener\"><strong>More Than Drug Trafficking Drives Violence in Colombia\u2019s Nari\u00f1o<\/strong><\/a><\/p>\n\n\n\n<p class=\"wp-block-paragraph\"><em>While the irregular armed groups are battling over control of drug trafficking, the extreme violence serves less as criminal message than an attempt to impose control through terror.<\/em><\/p>\n\n\n\n<p class=\"wp-block-paragraph\"><em>Juan Carlos Garz\u00f3n, director of the conflict dynamics and&nbsp;peace&nbsp;negotiations area at the Bogot\u00e1-based Ideas for Peace Foundation (Fundaci\u00f3n Ideas para la Paz \u2013 FIP),&nbsp;<a href=\"https:\/\/twitter.com\/JCGarzonVergara\/status\/1295411101786660864\">said on Twitter<\/a>&nbsp;that too often the focus is on drug trafficking, when regions like Nari\u00f1o require a \u201clegitimate\u201d and \u201cefficient\u201d government presence, not just an ephemeral one.<\/em><\/p>\n\n\n\n<p class=\"wp-block-paragraph\"><\/p>\n\n\n\n<p class=\"wp-block-paragraph\"><a href=\"https:\/\/www.theguardian.com\/world\/2020\/aug\/27\/colombia-massacres-violence-farc-civil-war\" target=\"_blank\" rel=\"noreferrer noopener\"><strong>Colombia sees seven massacres in two weeks as wave of violence grips country<\/strong><\/a><\/p>\n\n\n\n<p class=\"wp-block-paragraph\"><em>While the current wave of massacres has prompted comparisons with the peak of the conflict in the late 1990s \u2013 when both massacres and murders were commonplace \u2013 analysts say that the current dynamics of the armed groups are more complicated.<\/em><\/p>\n\n\n\n<p class=\"wp-block-paragraph\"><em>\u201cIn the past you had clear ideological lines and motives, whereas now you have fragmented groups with their own fiefdoms,\u201d said Gimena S\u00e1nchez, Andes director at the Washington Office on Latin America. \u201cUnless we see a radical change in political will by Duque and the economic elites of the country, things will continue to deteriorate.\u201d<\/em><\/p>\n\n\n\n<hr class=\"wp-block-separator\"\/>\n\n\n\n<p class=\"wp-block-paragraph\">Imagen del encabezado: J\u00f3venes jugando al f\u00fatbol como parte de un programa de construcci\u00f3n de paz para la juventud dirigido por la iglesia de los hermanos menonitas en Cali, Colombia, 2017. Foto de CCM\/Colin Vanderberg<\/p>\n\n\n\n<p class=\"wp-block-paragraph\">Header image: Youth play soccer as part of a peacebuilding program for youth run by the Mennonite Brethren church in Cali, Colombia, 2017. MCC photo\/Colin Vanderberg<\/p>\n","protected":false},"excerpt":{"rendered":"<p>(English resources below) Durante las \u00faltimas semanas, la frecuencia de los masacres y asesinatos de j\u00f3venes en Colombia se ha disparado de una manera alarmante.&nbsp;Aqu\u00ed hemos recopilado algunos art\u00edculos y an\u00e1lisis, en espa\u00f1ol e ingles (abajo), para darles un contexto mas amplio para los acontecimientos recientes. Antes las masacres exigimos implementar el acuerdo de paz [&hellip;]<\/p>\n","protected":false},"author":5,"featured_media":11083,"comment_status":"open","ping_status":"open","sticky":false,"template":"","format":"standard","meta":{"nf_dc_page":"","_jetpack_newsletter_access":"","_jetpack_dont_email_post_to_subs":false,"_jetpack_newsletter_tier_id":0,"_jetpack_memberships_contains_paywalled_content":false,"_jetpack_feature_clip_id":0,"_jetpack_memberships_contains_paid_content":false,"footnotes":"","jetpack_publicize_message":"","jetpack_publicize_feature_enabled":true,"jetpack_social_post_already_shared":true,"jetpack_social_options":{"image_generator_settings":{"template":"highway","default_image_id":0,"font":"","enabled":false},"version":2},"jetpack_post_was_ever_published":false},"categories":[439,397],"tags":[],"class_list":["post-11090","post","type-post","status-publish","format-standard","has-post-thumbnail","hentry","category-colombia-es","category-incidencia-politica"],"jetpack_publicize_connections":[],"jetpack_sharing_enabled":true,"jetpack_shortlink":"https:\/\/wp.me\/p7pJjQ-2SS","jetpack-related-posts":[{"id":11074,"url":"https:\/\/www.mcclaca.org\/violencia-contra-la-juventud-en-colombia-noticias\/","url_meta":{"origin":11090,"position":0},"title":"Violencia contra la juventud en Colombia: Noticias","author":"Admin","date":"28 de agosto de 2020","format":false,"excerpt":"(English resources below) Durante las \u00faltimas semanas, la frecuencia de los masacres y asesinatos de j\u00f3venes en Colombia se ha disparado de una manera alarmante.\u00a0Aqu\u00ed hemos recopilado algunos art\u00edculos y an\u00e1lisis, en espa\u00f1ol e ingles (abajo), para darles un contexto mas amplio para los acontecimientos recientes. Antes las masacres exigimos\u2026","rel":"","context":"En \u00abAdvocacy\u00bb","block_context":{"text":"Advocacy","link":"https:\/\/www.mcclaca.org\/category\/advocacy\/"},"img":{"alt_text":"","src":"https:\/\/i0.wp.com\/www.mcclaca.org\/wp-content\/uploads\/2020\/08\/RS82371_CVAN8602_alt-lpr-e1598638523325.jpg?fit=1200%2C572&ssl=1&resize=350%2C200","width":350,"height":200,"srcset":"https:\/\/i0.wp.com\/www.mcclaca.org\/wp-content\/uploads\/2020\/08\/RS82371_CVAN8602_alt-lpr-e1598638523325.jpg?fit=1200%2C572&ssl=1&resize=350%2C200 1x, https:\/\/i0.wp.com\/www.mcclaca.org\/wp-content\/uploads\/2020\/08\/RS82371_CVAN8602_alt-lpr-e1598638523325.jpg?fit=1200%2C572&ssl=1&resize=525%2C300 1.5x, https:\/\/i0.wp.com\/www.mcclaca.org\/wp-content\/uploads\/2020\/08\/RS82371_CVAN8602_alt-lpr-e1598638523325.jpg?fit=1200%2C572&ssl=1&resize=700%2C400 2x, https:\/\/i0.wp.com\/www.mcclaca.org\/wp-content\/uploads\/2020\/08\/RS82371_CVAN8602_alt-lpr-e1598638523325.jpg?fit=1200%2C572&ssl=1&resize=1050%2C600 3x"},"classes":[]},{"id":10702,"url":"https:\/\/www.mcclaca.org\/es\/llamado-a-la-noviolencia-comunicado-a-la-opinion-publica-frente-a-nuevas-amenazas-al-sector-religioso\/","url_meta":{"origin":11090,"position":1},"title":"Llamado a la noviolencia: Comunicado a la opini\u00f3n p\u00fablica frente a nuevas amenazas al sector religioso","author":"Admin","date":"19 de marzo de 2020","format":false,"excerpt":"Bogot\u00e1, Marzo 2 de 2020 El pasado 28 de febrero tuvimos conocimiento de un nuevo panfleto donde se nos califica como objetivos militares inmediatos por parte de las \u201c\u00e1guilas negras\u201d amenazando a l\u00edderes y lideresas sociales, organizaciones de Derechos Humanos, entidades comprometidas con la paz y tambi\u00e9n a nuestra entidad\u2026","rel":"","context":"En \u00abColombia\u00bb","block_context":{"text":"Colombia","link":"https:\/\/www.mcclaca.org\/es\/category\/programas\/colombia-es\/"},"img":{"alt_text":"","src":"https:\/\/i0.wp.com\/www.mcclaca.org\/wp-content\/uploads\/2020\/03\/RS83473_IMG_0810-lpr.jpg?fit=1200%2C800&ssl=1&resize=350%2C200","width":350,"height":200,"srcset":"https:\/\/i0.wp.com\/www.mcclaca.org\/wp-content\/uploads\/2020\/03\/RS83473_IMG_0810-lpr.jpg?fit=1200%2C800&ssl=1&resize=350%2C200 1x, https:\/\/i0.wp.com\/www.mcclaca.org\/wp-content\/uploads\/2020\/03\/RS83473_IMG_0810-lpr.jpg?fit=1200%2C800&ssl=1&resize=525%2C300 1.5x, https:\/\/i0.wp.com\/www.mcclaca.org\/wp-content\/uploads\/2020\/03\/RS83473_IMG_0810-lpr.jpg?fit=1200%2C800&ssl=1&resize=700%2C400 2x, https:\/\/i0.wp.com\/www.mcclaca.org\/wp-content\/uploads\/2020\/03\/RS83473_IMG_0810-lpr.jpg?fit=1200%2C800&ssl=1&resize=1050%2C600 3x"},"classes":[]},{"id":11164,"url":"https:\/\/www.mcclaca.org\/es\/lecciones-en-el-racismo-sistemico-desde-choco\/","url_meta":{"origin":11090,"position":2},"title":"Lecciones en el racismo sist\u00e9mico desde Choc\u00f3","author":"Admin","date":"10 de septiembre de 2020","format":false,"excerpt":"Este art\u00edculo es parte de una serie que trata sobre el racismo en Colombia. Leer m\u00e1s aqu\u00ed. Cuando ten\u00eda 26 a\u00f1os, mi esposo y yo nos mudamos a Colombia para ser parte del programa de CCM de Semilla. Nos colocaron con las Iglesias Hermanos Menonitas en el Choc\u00f3, un departamento\u2026","rel":"","context":"En \u00abColombia\u00bb","block_context":{"text":"Colombia","link":"https:\/\/www.mcclaca.org\/es\/category\/programas\/colombia-es\/"},"img":{"alt_text":"","src":"https:\/\/i0.wp.com\/www.mcclaca.org\/wp-content\/uploads\/2020\/09\/DSCN1693-2-1.jpg?fit=1200%2C900&ssl=1&resize=350%2C200","width":350,"height":200,"srcset":"https:\/\/i0.wp.com\/www.mcclaca.org\/wp-content\/uploads\/2020\/09\/DSCN1693-2-1.jpg?fit=1200%2C900&ssl=1&resize=350%2C200 1x, https:\/\/i0.wp.com\/www.mcclaca.org\/wp-content\/uploads\/2020\/09\/DSCN1693-2-1.jpg?fit=1200%2C900&ssl=1&resize=525%2C300 1.5x, https:\/\/i0.wp.com\/www.mcclaca.org\/wp-content\/uploads\/2020\/09\/DSCN1693-2-1.jpg?fit=1200%2C900&ssl=1&resize=700%2C400 2x, https:\/\/i0.wp.com\/www.mcclaca.org\/wp-content\/uploads\/2020\/09\/DSCN1693-2-1.jpg?fit=1200%2C900&ssl=1&resize=1050%2C600 3x"},"classes":[]},{"id":10925,"url":"https:\/\/www.mcclaca.org\/es\/otro-mundo-es-posible\/","url_meta":{"origin":11090,"position":3},"title":"Otro mundo es posible","author":"Admin","date":"24 de junio de 2020","format":false,"excerpt":"La primera vez que pens\u00e9 profundamente en Am\u00e9rica Latina fue probablemente durante un curso de literatura posmoderna que tom\u00e9 en pleno invierno durante mi licenciatura en la universidad. El invierno en mi ciudad natal es largo, oscuro y muy fr\u00edo, e incluso para los lectores libros m\u00e1s apasionados, o para\u2026","rel":"","context":"En \u00abColombia\u00bb","block_context":{"text":"Colombia","link":"https:\/\/www.mcclaca.org\/es\/category\/programas\/colombia-es\/"},"img":{"alt_text":"","src":"https:\/\/i0.wp.com\/www.mcclaca.org\/wp-content\/uploads\/2020\/06\/IMG_3240-scaled.jpg?fit=1200%2C800&ssl=1&resize=350%2C200","width":350,"height":200,"srcset":"https:\/\/i0.wp.com\/www.mcclaca.org\/wp-content\/uploads\/2020\/06\/IMG_3240-scaled.jpg?fit=1200%2C800&ssl=1&resize=350%2C200 1x, https:\/\/i0.wp.com\/www.mcclaca.org\/wp-content\/uploads\/2020\/06\/IMG_3240-scaled.jpg?fit=1200%2C800&ssl=1&resize=525%2C300 1.5x, https:\/\/i0.wp.com\/www.mcclaca.org\/wp-content\/uploads\/2020\/06\/IMG_3240-scaled.jpg?fit=1200%2C800&ssl=1&resize=700%2C400 2x, https:\/\/i0.wp.com\/www.mcclaca.org\/wp-content\/uploads\/2020\/06\/IMG_3240-scaled.jpg?fit=1200%2C800&ssl=1&resize=1050%2C600 3x"},"classes":[]},{"id":11558,"url":"https:\/\/www.mcclaca.org\/es\/tour-virtual-de-mcc-colombia-ecuador\/","url_meta":{"origin":11090,"position":4},"title":"Tour virtual de MCC Colombia-Ecuador","author":"Admin","date":"19 de julio de 2021","format":false,"excerpt":"\u00a1Bienvenidos al tour virtual de MCC Colombia-Ecuador! Debido a la pandemia, no podemos recibirles en persona para visitar nuestro programa y que conozcan a nuestros socios, pero eso no significa que no haya muchas cosas esperanzadoras e inspiradoras sucediendo en este momento en las diferentes comunidades que acompanamos. Esperamos que\u2026","rel":"","context":"En \u00abAdvocacy\u00bb","block_context":{"text":"Advocacy","link":"https:\/\/www.mcclaca.org\/category\/advocacy\/"},"img":{"alt_text":"","src":"https:\/\/i0.wp.com\/www.mcclaca.org\/wp-content\/uploads\/2021\/07\/RS112015_IMG_20210213_164522_891-lpr.jpg?fit=1200%2C900&ssl=1&resize=350%2C200","width":350,"height":200,"srcset":"https:\/\/i0.wp.com\/www.mcclaca.org\/wp-content\/uploads\/2021\/07\/RS112015_IMG_20210213_164522_891-lpr.jpg?fit=1200%2C900&ssl=1&resize=350%2C200 1x, https:\/\/i0.wp.com\/www.mcclaca.org\/wp-content\/uploads\/2021\/07\/RS112015_IMG_20210213_164522_891-lpr.jpg?fit=1200%2C900&ssl=1&resize=525%2C300 1.5x, https:\/\/i0.wp.com\/www.mcclaca.org\/wp-content\/uploads\/2021\/07\/RS112015_IMG_20210213_164522_891-lpr.jpg?fit=1200%2C900&ssl=1&resize=700%2C400 2x, https:\/\/i0.wp.com\/www.mcclaca.org\/wp-content\/uploads\/2021\/07\/RS112015_IMG_20210213_164522_891-lpr.jpg?fit=1200%2C900&ssl=1&resize=1050%2C600 3x"},"classes":[]},{"id":11471,"url":"https:\/\/www.mcclaca.org\/es\/iglesias-y-organizaciones-menonitas-responden-a-las-protestas-y-la-violencia-en-colombia\/","url_meta":{"origin":11090,"position":5},"title":"Iglesias y organizaciones Menonitas responden a las protestas y la violencia en Colombia","author":"Admin","date":"11 de mayo de 2021","format":false,"excerpt":"El 28 de abril decenas de miles de colombianos marcharon en una reiteraci\u00f3n renovada del Paro Nacional que hab\u00eda arrancado con fuerza en noviembre del 2019. Con la llegada de la pandemia de COVID-19, el Paro se detuvo, pero las razones de manifestarse aumentaron. Despu\u00e9s de un confinamiento obligatorio de\u2026","rel":"","context":"En \u00abAdvocacy\u00bb","block_context":{"text":"Advocacy","link":"https:\/\/www.mcclaca.org\/category\/advocacy\/"},"img":{"alt_text":"","src":"https:\/\/i0.wp.com\/www.mcclaca.org\/wp-content\/uploads\/2016\/04\/Fotos-de-Nemy-2-e1620752113919.jpeg?fit=1200%2C615&ssl=1&resize=350%2C200","width":350,"height":200,"srcset":"https:\/\/i0.wp.com\/www.mcclaca.org\/wp-content\/uploads\/2016\/04\/Fotos-de-Nemy-2-e1620752113919.jpeg?fit=1200%2C615&ssl=1&resize=350%2C200 1x, https:\/\/i0.wp.com\/www.mcclaca.org\/wp-content\/uploads\/2016\/04\/Fotos-de-Nemy-2-e1620752113919.jpeg?fit=1200%2C615&ssl=1&resize=525%2C300 1.5x, https:\/\/i0.wp.com\/www.mcclaca.org\/wp-content\/uploads\/2016\/04\/Fotos-de-Nemy-2-e1620752113919.jpeg?fit=1200%2C615&ssl=1&resize=700%2C400 2x, https:\/\/i0.wp.com\/www.mcclaca.org\/wp-content\/uploads\/2016\/04\/Fotos-de-Nemy-2-e1620752113919.jpeg?fit=1200%2C615&ssl=1&resize=1050%2C600 3x"},"classes":[]}],"jetpack_featured_media_url":"https:\/\/i0.wp.com\/www.mcclaca.org\/wp-content\/uploads\/2020\/08\/RS82371_CVAN8602_alt-lpr-e1598638523325.jpg?fit=2000%2C953&ssl=1","_links":{"self":[{"href":"https:\/\/www.mcclaca.org\/es\/wp-json\/wp\/v2\/posts\/11090","targetHints":{"allow":["GET"]}}],"collection":[{"href":"https:\/\/www.mcclaca.org\/es\/wp-json\/wp\/v2\/posts"}],"about":[{"href":"https:\/\/www.mcclaca.org\/es\/wp-json\/wp\/v2\/types\/post"}],"author":[{"embeddable":true,"href":"https:\/\/www.mcclaca.org\/es\/wp-json\/wp\/v2\/users\/5"}],"replies":[{"embeddable":true,"href":"https:\/\/www.mcclaca.org\/es\/wp-json\/wp\/v2\/comments?post=11090"}],"version-history":[{"count":1,"href":"https:\/\/www.mcclaca.org\/es\/wp-json\/wp\/v2\/posts\/11090\/revisions"}],"predecessor-version":[{"id":11091,"href":"https:\/\/www.mcclaca.org\/es\/wp-json\/wp\/v2\/posts\/11090\/revisions\/11091"}],"wp:featuredmedia":[{"embeddable":true,"href":"https:\/\/www.mcclaca.org\/es\/wp-json\/wp\/v2\/media\/11083"}],"wp:attachment":[{"href":"https:\/\/www.mcclaca.org\/es\/wp-json\/wp\/v2\/media?parent=11090"}],"wp:term":[{"taxonomy":"category","embeddable":true,"href":"https:\/\/www.mcclaca.org\/es\/wp-json\/wp\/v2\/categories?post=11090"},{"taxonomy":"post_tag","embeddable":true,"href":"https:\/\/www.mcclaca.org\/es\/wp-json\/wp\/v2\/tags?post=11090"}],"curies":[{"name":"wp","href":"https:\/\/api.w.org\/{rel}","templated":true}]}}