{"id":11175,"date":"2020-09-15T09:52:42","date_gmt":"2020-09-15T14:52:42","guid":{"rendered":"http:\/\/www.mcclaca.org\/?p=11175\/"},"modified":"2020-09-15T10:17:18","modified_gmt":"2020-09-15T15:17:18","slug":"los-anonimos-de-la-independencia-y-el-anabautismo","status":"publish","type":"post","link":"https:\/\/www.mcclaca.org\/es\/los-anonimos-de-la-independencia-y-el-anabautismo\/","title":{"rendered":"Los an\u00f3nimos de la Independencia y el anabautismo"},"content":{"rendered":"\n<p class=\"wp-block-paragraph\">Sin quitar el m\u00e9rito a los acontecimientos y personajes que en su momento contribuyeron a alcanzar la independencia pol\u00edtica de lo que conocemos como la Rep\u00fablica mexicana, quiero centrar mi atenci\u00f3n en el pueblo an\u00f3nimo, la masa sin rostro que sum\u00f3 su fuerza y sus anhelos al movimiento independentista de 1810 y contribuy\u00f3 a darle forma, sentido y cauce.<\/p>\n\n\n\n<p class=\"wp-block-paragraph\">Se considera la madrugada del 16 de septiembre, y el grito de Dolores, Quer\u00e9taro, el inicio de un movimiento que pronto encender\u00eda las conciencias populares y sus anhelos, y desbordar\u00eda lo que al principio pretend\u00eda ser una cuesti\u00f3n pol\u00edtica, entre espa\u00f1oles y criollos; para convertirla en un movimiento social, donde se alcanzar\u00eda hasta la abolici\u00f3n de la esclavitud y el reconocimiento de la ciudadan\u00eda de los habitantes de la Nueva Espa\u00f1a. Este resultado no fue menor, sino el comienzo de un proyecto que ahora conocemos como \u201cM\u00e9xico\u201d.<\/p>\n\n\n\n<figure class=\"wp-block-image size-large\"><img data-recalc-dims=\"1\" fetchpriority=\"high\" decoding=\"async\" width=\"750\" height=\"497\" data-attachment-id=\"11182\" data-permalink=\"https:\/\/www.mcclaca.org\/es\/los-anonimos-de-la-independencia-y-el-anabautismo\/frederik-trovatten-com-5dookoxmwwy-unsplash-2\/\" data-orig-file=\"https:\/\/i0.wp.com\/www.mcclaca.org\/wp-content\/uploads\/2020\/09\/frederik-trovatten-com-5dooKOXMwwY-unsplash-1.jpg?fit=2000%2C1325&amp;ssl=1\" data-orig-size=\"2000,1325\" data-comments-opened=\"1\" data-image-meta=\"{&quot;aperture&quot;:&quot;0&quot;,&quot;credit&quot;:&quot;&quot;,&quot;camera&quot;:&quot;&quot;,&quot;caption&quot;:&quot;&quot;,&quot;created_timestamp&quot;:&quot;0&quot;,&quot;copyright&quot;:&quot;&quot;,&quot;focal_length&quot;:&quot;0&quot;,&quot;iso&quot;:&quot;0&quot;,&quot;shutter_speed&quot;:&quot;0&quot;,&quot;title&quot;:&quot;&quot;,&quot;orientation&quot;:&quot;0&quot;}\" data-image-title=\"frederik-trovatten-com-5dooKOXMwwY-unsplash\" data-image-description=\"\" data-image-caption=\"\" data-large-file=\"https:\/\/i0.wp.com\/www.mcclaca.org\/wp-content\/uploads\/2020\/09\/frederik-trovatten-com-5dooKOXMwwY-unsplash-1.jpg?fit=750%2C497&amp;ssl=1\" src=\"https:\/\/i0.wp.com\/www.mcclaca.org\/wp-content\/uploads\/2020\/09\/frederik-trovatten-com-5dooKOXMwwY-unsplash-1.jpg?resize=750%2C497&#038;ssl=1\" alt=\"\" class=\"wp-image-11182\" srcset=\"https:\/\/i0.wp.com\/www.mcclaca.org\/wp-content\/uploads\/2020\/09\/frederik-trovatten-com-5dooKOXMwwY-unsplash-1.jpg?resize=1024%2C678&amp;ssl=1 1024w, https:\/\/i0.wp.com\/www.mcclaca.org\/wp-content\/uploads\/2020\/09\/frederik-trovatten-com-5dooKOXMwwY-unsplash-1.jpg?resize=300%2C199&amp;ssl=1 300w, https:\/\/i0.wp.com\/www.mcclaca.org\/wp-content\/uploads\/2020\/09\/frederik-trovatten-com-5dooKOXMwwY-unsplash-1.jpg?resize=768%2C509&amp;ssl=1 768w, https:\/\/i0.wp.com\/www.mcclaca.org\/wp-content\/uploads\/2020\/09\/frederik-trovatten-com-5dooKOXMwwY-unsplash-1.jpg?resize=1536%2C1018&amp;ssl=1 1536w, https:\/\/i0.wp.com\/www.mcclaca.org\/wp-content\/uploads\/2020\/09\/frederik-trovatten-com-5dooKOXMwwY-unsplash-1.jpg?w=2000&amp;ssl=1 2000w\" sizes=\"(max-width: 750px) 100vw, 750px\" \/><figcaption><em><span style=\"color:#0092ac\" class=\"has-inline-color\">Foto de Frederik Trovatten, cortes\u00eda de <a rel=\"noreferrer noopener\" href=\"https:\/\/unsplash.com\/photos\/5dooKOXMwwY\" target=\"_blank\">Unsplash<\/a><\/span><\/em><\/figcaption><\/figure>\n\n\n\n<p class=\"wp-block-paragraph\">Mientras escribo estas l\u00edneas, anabautista como soy, pienso en aquellos or\u00edgenes m\u00edticos que forman parte de la memoria que compartimos como la gran y diversa familia de fe que somos en el mundo. Pienso en aquel grupo de hermanos y hermanas que el 21 de enero de 1525, movidos por el Esp\u00edritu decidieron independizarse no solo espiritual, sino pol\u00edtica y culturalmente de las influencias religiosas de su \u00e9poca que tambi\u00e9n oprim\u00edan a las masas. Una vez proclamada la distancia y la posici\u00f3n desde la cual los anabautistas le\u00edan, interpretaban, y pon\u00edan en pr\u00e1ctica las Escrituras; comenz\u00f3 el proyecto del pueblo nuevo que hoy conocemos como \u201cAnabautismo\u201d.<\/p>\n\n\n\n<figure class=\"wp-block-image size-large\"><img data-recalc-dims=\"1\" decoding=\"async\" width=\"750\" height=\"442\" data-attachment-id=\"11187\" data-permalink=\"https:\/\/www.mcclaca.org\/es\/los-anonimos-de-la-independencia-y-el-anabautismo\/wiedertaufer\/\" data-orig-file=\"https:\/\/i0.wp.com\/www.mcclaca.org\/wp-content\/uploads\/2020\/09\/Wiedert%C3%A4ufer.jpg?fit=1694%2C1000&amp;ssl=1\" data-orig-size=\"1694,1000\" data-comments-opened=\"1\" data-image-meta=\"{&quot;aperture&quot;:&quot;0&quot;,&quot;credit&quot;:&quot;&quot;,&quot;camera&quot;:&quot;&quot;,&quot;caption&quot;:&quot;&quot;,&quot;created_timestamp&quot;:&quot;0&quot;,&quot;copyright&quot;:&quot;&quot;,&quot;focal_length&quot;:&quot;0&quot;,&quot;iso&quot;:&quot;0&quot;,&quot;shutter_speed&quot;:&quot;0&quot;,&quot;title&quot;:&quot;&quot;,&quot;orientation&quot;:&quot;0&quot;}\" data-image-title=\"Wiedert\u00e4ufer\" data-image-description=\"\" data-image-caption=\"\" data-large-file=\"https:\/\/i0.wp.com\/www.mcclaca.org\/wp-content\/uploads\/2020\/09\/Wiedert%C3%A4ufer.jpg?fit=750%2C442&amp;ssl=1\" src=\"https:\/\/i0.wp.com\/www.mcclaca.org\/wp-content\/uploads\/2020\/09\/Wiedert%C3%A4ufer.jpg?resize=750%2C442&#038;ssl=1\" alt=\"\" class=\"wp-image-11187\" srcset=\"https:\/\/i0.wp.com\/www.mcclaca.org\/wp-content\/uploads\/2020\/09\/Wiedert%C3%A4ufer.jpg?resize=1024%2C604&amp;ssl=1 1024w, https:\/\/i0.wp.com\/www.mcclaca.org\/wp-content\/uploads\/2020\/09\/Wiedert%C3%A4ufer.jpg?resize=300%2C177&amp;ssl=1 300w, https:\/\/i0.wp.com\/www.mcclaca.org\/wp-content\/uploads\/2020\/09\/Wiedert%C3%A4ufer.jpg?resize=768%2C453&amp;ssl=1 768w, https:\/\/i0.wp.com\/www.mcclaca.org\/wp-content\/uploads\/2020\/09\/Wiedert%C3%A4ufer.jpg?resize=1536%2C907&amp;ssl=1 1536w, https:\/\/i0.wp.com\/www.mcclaca.org\/wp-content\/uploads\/2020\/09\/Wiedert%C3%A4ufer.jpg?w=1694&amp;ssl=1 1694w\" sizes=\"(max-width: 750px) 100vw, 750px\" \/><figcaption><em><span style=\"color:#0071a1\" class=\"has-inline-color\">Una reuni\u00f3n de anabautistos, cortes\u00eda de <a rel=\"noreferrer noopener\" href=\"https:\/\/commons.wikimedia.org\/wiki\/Category:M%C3%BCnster_Rebellion#\/media\/File:Wiedert%C3%A4ufer.jpg\" target=\"_blank\">WikiMedia Commons<\/a> <\/span><\/em><\/figcaption><\/figure>\n\n\n\n<p class=\"wp-block-paragraph\">\u00bfQu\u00e9 papel jugaron los an\u00f3nimos en todo esto? La gente que no reluce en las biograf\u00edas, aquellos cuyos nombres no conocemos. En ambos casos, me atrevo a decir que el pueblo, los an\u00f3nimos, las masas que recibieron estas ideas novedosas, interpretaron con urgencia los signos de los tiempos y propusieron a sus l\u00edderes ensanchar los l\u00edmites y los alcances de ambos movimientos. El anabautismo se extendi\u00f3 a\u00fan con la ausencia de sus l\u00edderes muertos o perseguidos. Se sabe que el cura Hidalgo, en alg\u00fan punto de la lucha armada, reconoci\u00f3 que no pod\u00eda controlar el \u00edmpetu del pueblo; que sigui\u00f3 luchando a\u00fan despu\u00e9s de su muerte. No pretendo tampoco exaltar, idealizando la lucha, los motivos y sus formas al pueblo, del que todos formamos parte. Quiero se\u00f1alar los alcances, llamar la atenci\u00f3n sobre lo que ocurre cuando se pone en sus manos, la tarea de construir un sue\u00f1o. La suma de los esfuerzos, de los anhelos colectivos, de la potencia instituyente de sus imaginaciones, es capaz de producir cambios hist\u00f3ricos de larga data que revolucionan el <em>status quo<\/em> y representan desaf\u00edos quiz\u00e1s no calculados para sus l\u00edderes.&nbsp; Quiz\u00e1s por eso, los movimientos revolucionarios de anta\u00f1o se terminaron con la firma de acuerdo entre las \u00e9lites, y las distintas ramas del anabautismo se volvieron conservadoras las menos, iglesias institucionales las m\u00e1s. Lo cierto es que estos temas nos dan mucho para reflexionar.<\/p>\n\n\n\n<hr class=\"wp-block-separator\"\/>\n\n\n\n<p class=\"wp-block-paragraph\"><em>Ruhama Abigail Pedroza Garc\u00eda, Dra. Antropolog\u00eda social, vivo en la Ciudad de M\u00e9xico, y trabajo como traductora, editora y gerente de proyectos de la agencia de traducci\u00f3n SpanishLink.<\/em><\/p>\n","protected":false},"excerpt":{"rendered":"<p>Sin quitar el m\u00e9rito a los acontecimientos y personajes que en su momento contribuyeron a alcanzar la independencia pol\u00edtica de lo que conocemos como la Rep\u00fablica mexicana, quiero centrar mi atenci\u00f3n en el pueblo an\u00f3nimo, la masa sin rostro que sum\u00f3 su fuerza y sus anhelos al movimiento independentista de 1810 y contribuy\u00f3 a darle [&hellip;]<\/p>\n","protected":false},"author":5,"featured_media":11176,"comment_status":"open","ping_status":"open","sticky":false,"template":"","format":"standard","meta":{"nf_dc_page":"","_jetpack_newsletter_access":"","_jetpack_dont_email_post_to_subs":false,"_jetpack_newsletter_tier_id":0,"_jetpack_memberships_contains_paywalled_content":false,"_jetpack_feature_clip_id":0,"_jetpack_memberships_contains_paid_content":false,"footnotes":"","jetpack_publicize_message":"","jetpack_publicize_feature_enabled":true,"jetpack_social_post_already_shared":true,"jetpack_social_options":{"image_generator_settings":{"template":"highway","default_image_id":0,"font":"","enabled":false},"version":2},"jetpack_post_was_ever_published":false},"categories":[397,342],"tags":[],"class_list":["post-11175","post","type-post","status-publish","format-standard","has-post-thumbnail","hentry","category-incidencia-politica","category-mexico-2"],"jetpack_publicize_connections":[],"jetpack_sharing_enabled":true,"jetpack_shortlink":"https:\/\/wp.me\/p7pJjQ-2Uf","jetpack-related-posts":[{"id":12067,"url":"https:\/\/www.mcclaca.org\/es\/ccm-laca-conmemora-el-dia-internacional-de-la-mujer\/","url_meta":{"origin":11175,"position":0},"title":"CCM LACA conmemora el D\u00eda Internacional de la Mujer","author":"Admin","date":"6 de marzo de 2023","format":false,"excerpt":"El 8 de marzo es el D\u00eda Internacional de la Mujer, una conmemoraci\u00f3n que tiene sus ra\u00edces en el movimiento obrero de principios del siglo 20. Desde entonces, se ha conmemorado en pa\u00edses de todo el mundo, tanto como celebraci\u00f3n de los logros de las mujeres como ocasi\u00f3n para exigir\u2026","rel":"","context":"En \u00abIncidencia Pol\u00edtica\u00bb","block_context":{"text":"Incidencia Pol\u00edtica","link":"https:\/\/www.mcclaca.org\/es\/category\/incidencia-politica\/"},"img":{"alt_text":"","src":"https:\/\/i0.wp.com\/www.mcclaca.org\/wp-content\/uploads\/2023\/03\/IMG_5075-2.jpg?fit=1200%2C586&ssl=1&resize=350%2C200","width":350,"height":200,"srcset":"https:\/\/i0.wp.com\/www.mcclaca.org\/wp-content\/uploads\/2023\/03\/IMG_5075-2.jpg?fit=1200%2C586&ssl=1&resize=350%2C200 1x, https:\/\/i0.wp.com\/www.mcclaca.org\/wp-content\/uploads\/2023\/03\/IMG_5075-2.jpg?fit=1200%2C586&ssl=1&resize=525%2C300 1.5x, https:\/\/i0.wp.com\/www.mcclaca.org\/wp-content\/uploads\/2023\/03\/IMG_5075-2.jpg?fit=1200%2C586&ssl=1&resize=700%2C400 2x, https:\/\/i0.wp.com\/www.mcclaca.org\/wp-content\/uploads\/2023\/03\/IMG_5075-2.jpg?fit=1200%2C586&ssl=1&resize=1050%2C600 3x"},"classes":[]},{"id":11542,"url":"https:\/\/www.mcclaca.org\/es\/tejidos-mayas-los-libros-que-no-pudieron-quemar\/","url_meta":{"origin":11175,"position":1},"title":"Tejidos Mayas: los libros que no pudieron quemar","author":"Admin","date":"3 de junio de 2021","format":false,"excerpt":"La ignorancia es una bendici\u00f3n. Lo digo muy en serio. La ignorancia te permite visitar lugares como el Museo Ixchel del Traje Ind\u00edgena y salir maravillado e inspirado con la belleza de los huipiles, cortes y dem\u00e1s textiles en su colecci\u00f3n. La bendici\u00f3n de la ignorancia har\u00eda que celebres el\u2026","rel":"","context":"En \u00abGuatemala\u00bb","block_context":{"text":"Guatemala","link":"https:\/\/www.mcclaca.org\/es\/category\/programas\/guatemala-es\/"},"img":{"alt_text":"","src":"https:\/\/i0.wp.com\/www.mcclaca.org\/wp-content\/uploads\/2021\/06\/RS66338_GTM2016_ANADESA_ml1833-lpr.jpg?fit=1200%2C801&ssl=1&resize=350%2C200","width":350,"height":200,"srcset":"https:\/\/i0.wp.com\/www.mcclaca.org\/wp-content\/uploads\/2021\/06\/RS66338_GTM2016_ANADESA_ml1833-lpr.jpg?fit=1200%2C801&ssl=1&resize=350%2C200 1x, https:\/\/i0.wp.com\/www.mcclaca.org\/wp-content\/uploads\/2021\/06\/RS66338_GTM2016_ANADESA_ml1833-lpr.jpg?fit=1200%2C801&ssl=1&resize=525%2C300 1.5x, https:\/\/i0.wp.com\/www.mcclaca.org\/wp-content\/uploads\/2021\/06\/RS66338_GTM2016_ANADESA_ml1833-lpr.jpg?fit=1200%2C801&ssl=1&resize=700%2C400 2x, https:\/\/i0.wp.com\/www.mcclaca.org\/wp-content\/uploads\/2021\/06\/RS66338_GTM2016_ANADESA_ml1833-lpr.jpg?fit=1200%2C801&ssl=1&resize=1050%2C600 3x"},"classes":[]},{"id":11471,"url":"https:\/\/www.mcclaca.org\/es\/iglesias-y-organizaciones-menonitas-responden-a-las-protestas-y-la-violencia-en-colombia\/","url_meta":{"origin":11175,"position":2},"title":"Iglesias y organizaciones Menonitas responden a las protestas y la violencia en Colombia","author":"Admin","date":"11 de mayo de 2021","format":false,"excerpt":"El 28 de abril decenas de miles de colombianos marcharon en una reiteraci\u00f3n renovada del Paro Nacional que hab\u00eda arrancado con fuerza en noviembre del 2019. Con la llegada de la pandemia de COVID-19, el Paro se detuvo, pero las razones de manifestarse aumentaron. Despu\u00e9s de un confinamiento obligatorio de\u2026","rel":"","context":"En \u00abAdvocacy\u00bb","block_context":{"text":"Advocacy","link":"https:\/\/www.mcclaca.org\/category\/advocacy\/"},"img":{"alt_text":"","src":"https:\/\/i0.wp.com\/www.mcclaca.org\/wp-content\/uploads\/2016\/04\/Fotos-de-Nemy-2-e1620752113919.jpeg?fit=1200%2C615&ssl=1&resize=350%2C200","width":350,"height":200,"srcset":"https:\/\/i0.wp.com\/www.mcclaca.org\/wp-content\/uploads\/2016\/04\/Fotos-de-Nemy-2-e1620752113919.jpeg?fit=1200%2C615&ssl=1&resize=350%2C200 1x, https:\/\/i0.wp.com\/www.mcclaca.org\/wp-content\/uploads\/2016\/04\/Fotos-de-Nemy-2-e1620752113919.jpeg?fit=1200%2C615&ssl=1&resize=525%2C300 1.5x, https:\/\/i0.wp.com\/www.mcclaca.org\/wp-content\/uploads\/2016\/04\/Fotos-de-Nemy-2-e1620752113919.jpeg?fit=1200%2C615&ssl=1&resize=700%2C400 2x, https:\/\/i0.wp.com\/www.mcclaca.org\/wp-content\/uploads\/2016\/04\/Fotos-de-Nemy-2-e1620752113919.jpeg?fit=1200%2C615&ssl=1&resize=1050%2C600 3x"},"classes":[]},{"id":12171,"url":"https:\/\/www.mcclaca.org\/es\/seguir-adelante-en-medio-de-la-pesadumbre\/","url_meta":{"origin":11175,"position":3},"title":"Seguir adelante en medio de la pesadumbre","author":"Admin","date":"22 de mayo de 2023","format":false,"excerpt":"Una de las cosas que m\u00e1s me persiguen en Casa del Migrante \u2018Scalabrini\u2019 - Guatemala (CdMSG) es el camino por venir que las personas viajando hacia el norte van a encontrar mientras salgan CdMSG, contin\u00faen su trayecto por M\u00e9xico y lleguen a la frontera con los Estados Unidos. Los migrantes\u2026","rel":"","context":"En \u00abGuatemala\u00bb","block_context":{"text":"Guatemala","link":"https:\/\/www.mcclaca.org\/es\/category\/programas\/guatemala-es\/"},"img":{"alt_text":"","src":"https:\/\/i0.wp.com\/www.mcclaca.org\/wp-content\/uploads\/2023\/05\/RS123943_0Z8A0841-lpr.jpg?fit=1200%2C800&ssl=1&resize=350%2C200","width":350,"height":200,"srcset":"https:\/\/i0.wp.com\/www.mcclaca.org\/wp-content\/uploads\/2023\/05\/RS123943_0Z8A0841-lpr.jpg?fit=1200%2C800&ssl=1&resize=350%2C200 1x, https:\/\/i0.wp.com\/www.mcclaca.org\/wp-content\/uploads\/2023\/05\/RS123943_0Z8A0841-lpr.jpg?fit=1200%2C800&ssl=1&resize=525%2C300 1.5x, https:\/\/i0.wp.com\/www.mcclaca.org\/wp-content\/uploads\/2023\/05\/RS123943_0Z8A0841-lpr.jpg?fit=1200%2C800&ssl=1&resize=700%2C400 2x, https:\/\/i0.wp.com\/www.mcclaca.org\/wp-content\/uploads\/2023\/05\/RS123943_0Z8A0841-lpr.jpg?fit=1200%2C800&ssl=1&resize=1050%2C600 3x"},"classes":[]},{"id":10959,"url":"https:\/\/www.mcclaca.org\/es\/hay-un-elefante-en-la-sala-hablemos-sobre-el\/","url_meta":{"origin":11175,"position":4},"title":"Hay un elefante en la sala, hablemos sobre \u00e9l","author":"Admin","date":"14 de julio de 2020","format":false,"excerpt":"Este art\u00edculo es parte de una serie que trata sobre el racismo en Colombia.\u00a0Leer m\u00e1s aqu\u00ed. El racismo existe en todos los pa\u00edses y sociedades desde hace varios cientos de a\u00f1os atr\u00e1s. Puede ser que no se exprese de las mismas formas, pero algo que s\u00ed hay en com\u00fan entre\u2026","rel":"","context":"En \u00abAdvocacy\u00bb","block_context":{"text":"Advocacy","link":"https:\/\/www.mcclaca.org\/category\/advocacy\/"},"img":{"alt_text":"","src":"https:\/\/i0.wp.com\/www.mcclaca.org\/wp-content\/uploads\/2020\/07\/WhatsApp-Image-2020-06-24-at-1.35.11-PM-e1594748557183.jpeg?fit=1184%2C918&ssl=1&resize=350%2C200","width":350,"height":200,"srcset":"https:\/\/i0.wp.com\/www.mcclaca.org\/wp-content\/uploads\/2020\/07\/WhatsApp-Image-2020-06-24-at-1.35.11-PM-e1594748557183.jpeg?fit=1184%2C918&ssl=1&resize=350%2C200 1x, https:\/\/i0.wp.com\/www.mcclaca.org\/wp-content\/uploads\/2020\/07\/WhatsApp-Image-2020-06-24-at-1.35.11-PM-e1594748557183.jpeg?fit=1184%2C918&ssl=1&resize=525%2C300 1.5x, https:\/\/i0.wp.com\/www.mcclaca.org\/wp-content\/uploads\/2020\/07\/WhatsApp-Image-2020-06-24-at-1.35.11-PM-e1594748557183.jpeg?fit=1184%2C918&ssl=1&resize=700%2C400 2x, https:\/\/i0.wp.com\/www.mcclaca.org\/wp-content\/uploads\/2020\/07\/WhatsApp-Image-2020-06-24-at-1.35.11-PM-e1594748557183.jpeg?fit=1184%2C918&ssl=1&resize=1050%2C600 3x"},"classes":[]},{"id":12431,"url":"https:\/\/www.mcclaca.org\/las-piedras-claman-peace-camp-akron-10-al-15-de-marzo\/","url_meta":{"origin":11175,"position":5},"title":"Las piedras claman \u2013 Peace Camp, Akron | 10 al 15 de marzo\u00a0","author":"Admin","date":"30 de mayo de 2025","format":false,"excerpt":"Escuchar, Preguntar, Caminar: Una reflexi\u00f3n sobre la justicia\u00a0por Jessica Gonz\u00e1lez, Facilitadora de PMER y PSEA en Bolivia El mes pasado tuve la oportunidad de participar en el Peace Camp realizado en Akron, donde participaron integrantes de Estados Unidos, Zimbabue, Mozambique, Kenia, Etiop\u00eda e India. Fue un espacio para reflexionar sobre\u2026","rel":"","context":"En \u00abAbout MCC LACA\u00bb","block_context":{"text":"About MCC LACA","link":"https:\/\/www.mcclaca.org\/category\/about-mcc-laca\/"},"img":{"alt_text":"","src":"https:\/\/i0.wp.com\/www.mcclaca.org\/wp-content\/uploads\/2025\/05\/Jessica-3.jpg?fit=1200%2C799&ssl=1&resize=350%2C200","width":350,"height":200,"srcset":"https:\/\/i0.wp.com\/www.mcclaca.org\/wp-content\/uploads\/2025\/05\/Jessica-3.jpg?fit=1200%2C799&ssl=1&resize=350%2C200 1x, https:\/\/i0.wp.com\/www.mcclaca.org\/wp-content\/uploads\/2025\/05\/Jessica-3.jpg?fit=1200%2C799&ssl=1&resize=525%2C300 1.5x, https:\/\/i0.wp.com\/www.mcclaca.org\/wp-content\/uploads\/2025\/05\/Jessica-3.jpg?fit=1200%2C799&ssl=1&resize=700%2C400 2x, https:\/\/i0.wp.com\/www.mcclaca.org\/wp-content\/uploads\/2025\/05\/Jessica-3.jpg?fit=1200%2C799&ssl=1&resize=1050%2C600 3x"},"classes":[]}],"jetpack_featured_media_url":"https:\/\/i0.wp.com\/www.mcclaca.org\/wp-content\/uploads\/2020\/09\/RS82918_IMG_7954-2-lpr.jpg?fit=2000%2C1333&ssl=1","_links":{"self":[{"href":"https:\/\/www.mcclaca.org\/es\/wp-json\/wp\/v2\/posts\/11175","targetHints":{"allow":["GET"]}}],"collection":[{"href":"https:\/\/www.mcclaca.org\/es\/wp-json\/wp\/v2\/posts"}],"about":[{"href":"https:\/\/www.mcclaca.org\/es\/wp-json\/wp\/v2\/types\/post"}],"author":[{"embeddable":true,"href":"https:\/\/www.mcclaca.org\/es\/wp-json\/wp\/v2\/users\/5"}],"replies":[{"embeddable":true,"href":"https:\/\/www.mcclaca.org\/es\/wp-json\/wp\/v2\/comments?post=11175"}],"version-history":[{"count":3,"href":"https:\/\/www.mcclaca.org\/es\/wp-json\/wp\/v2\/posts\/11175\/revisions"}],"predecessor-version":[{"id":11192,"href":"https:\/\/www.mcclaca.org\/es\/wp-json\/wp\/v2\/posts\/11175\/revisions\/11192"}],"wp:featuredmedia":[{"embeddable":true,"href":"https:\/\/www.mcclaca.org\/es\/wp-json\/wp\/v2\/media\/11176"}],"wp:attachment":[{"href":"https:\/\/www.mcclaca.org\/es\/wp-json\/wp\/v2\/media?parent=11175"}],"wp:term":[{"taxonomy":"category","embeddable":true,"href":"https:\/\/www.mcclaca.org\/es\/wp-json\/wp\/v2\/categories?post=11175"},{"taxonomy":"post_tag","embeddable":true,"href":"https:\/\/www.mcclaca.org\/es\/wp-json\/wp\/v2\/tags?post=11175"}],"curies":[{"name":"wp","href":"https:\/\/api.w.org\/{rel}","templated":true}]}}