{"id":11195,"date":"2020-09-21T17:01:15","date_gmt":"2020-09-21T22:01:15","guid":{"rendered":"http:\/\/www.mcclaca.org\/?p=11195\/"},"modified":"2020-10-15T12:04:44","modified_gmt":"2020-10-15T17:04:44","slug":"por-lo-que-fue-por-lo-que-vendra","status":"publish","type":"post","link":"https:\/\/www.mcclaca.org\/es\/por-lo-que-fue-por-lo-que-vendra\/","title":{"rendered":"Por Lo Que Fue, Por Lo Que Vendr\u00e1"},"content":{"rendered":"\n<p class=\"wp-block-paragraph\">Creo que una de las cosas m\u00e1s desafiantes en la vida es entender el sentido de nuestra existencia y como consecuencia, de las cosas que hacemos respecto a esto. Pensar en c\u00f3mo todo podr\u00eda ser diferente producto de una decisi\u00f3n distinta, \u00a1me resulta sorprendente!<\/p>\n\n\n\n<figure class=\"wp-block-image size-large\"><img fetchpriority=\"high\" decoding=\"async\" width=\"1536\" height=\"2048\" src=\"https:\/\/i0.wp.com\/www.mcclaca.org\/wp-content\/uploads\/2020\/09\/img_20181110_132841-2.jpg?fit=750%2C1000\" alt=\"\" class=\"wp-image-11196\" srcset=\"https:\/\/i0.wp.com\/www.mcclaca.org\/wp-content\/uploads\/2020\/09\/img_20181110_132841-2.jpg?w=1536&amp;ssl=1 1536w, https:\/\/i0.wp.com\/www.mcclaca.org\/wp-content\/uploads\/2020\/09\/img_20181110_132841-2.jpg?resize=225%2C300&amp;ssl=1 225w, https:\/\/i0.wp.com\/www.mcclaca.org\/wp-content\/uploads\/2020\/09\/img_20181110_132841-2.jpg?resize=768%2C1024&amp;ssl=1 768w, https:\/\/i0.wp.com\/www.mcclaca.org\/wp-content\/uploads\/2020\/09\/img_20181110_132841-2.jpg?resize=1152%2C1536&amp;ssl=1 1152w\" sizes=\"(max-width: 750px) 100vw, 750px\" \/><\/figure>\n\n\n\n<p class=\"wp-block-paragraph\">Cuando en el 2018 sal\u00ed de la comodidad de mi casa y c\u00e1lida compa\u00f1\u00eda de mi familia para venir a Colombia, sent\u00eda que esa parte del camino era literal una hoja en blanco, ah\u00ed estaba yo con una mochila gigante, muchas ganas de aprender, muchos nervios, varios temores y un sinf\u00edn de ideas y a la vez ninguna sobre c\u00f3mo ser\u00eda esta experiencia.&nbsp;<\/p>\n\n\n\n<p class=\"wp-block-paragraph\">Haber vivido en Choc\u00f3 me ayud\u00f3 a graficar de alguna forma todo esto que sent\u00eda y pensaba. Les comparto la representaci\u00f3n que para m\u00ed tuvo sentido, a ver si les hace sentido a ustedes tambi\u00e9n. Conozco tres maneras de que una planta de frutos:<\/p>\n\n\n\n<ol class=\"wp-block-list\" type=\"1\"><li>Sembrar: Consiste en colocar directamente una semilla en el suelo.<\/li><li>Plantar: Es colocar una planta (helechos, \u00e1rboles, matitas, etc.) en el suelo, las que son usualmente peque\u00f1as o j\u00f3venes.<\/li><li>Injertar: Insertar o unir una de las partes de la planta con otra para que de esta forma tenga un mejor desarrollo y as\u00ed esta crezca como una sola.<\/li><\/ol>\n\n\n\n<p class=\"wp-block-paragraph\">Ahora va la explicaci\u00f3n. Mi manera de verlo es que todas y todos en alg\u00fan momento y dependiendo del lugar, de la \u00e9poca, de nuestro propio tiempo, hemos sido semilla, planta o injerto. Y considerando el momento, hemos tenido que abrir algunos surcos muy profundos y otros un tanto m\u00e1s superficiales. Aprend\u00ed que la idea de fructificar tiene todo que ver en nuestras relaciones con otras, otros, con el medio, tiene que ver como necesitamos esa interacci\u00f3n con los elementos para obtener los mejores nutrientes y que ayuden en nuestro crecimiento, estar interrelacionados.&nbsp; &nbsp;<\/p>\n\n\n\n<figure class=\"wp-block-image size-large\"><img decoding=\"async\" width=\"960\" height=\"1280\" src=\"https:\/\/i0.wp.com\/www.mcclaca.org\/wp-content\/uploads\/2020\/09\/img-20190318-wa0001.jpg?fit=750%2C1000\" alt=\"\" class=\"wp-image-11198\" srcset=\"https:\/\/i0.wp.com\/www.mcclaca.org\/wp-content\/uploads\/2020\/09\/img-20190318-wa0001.jpg?w=960&amp;ssl=1 960w, https:\/\/i0.wp.com\/www.mcclaca.org\/wp-content\/uploads\/2020\/09\/img-20190318-wa0001.jpg?resize=225%2C300&amp;ssl=1 225w, https:\/\/i0.wp.com\/www.mcclaca.org\/wp-content\/uploads\/2020\/09\/img-20190318-wa0001.jpg?resize=768%2C1024&amp;ssl=1 768w\" sizes=\"(max-width: 750px) 100vw, 750px\" \/><\/figure>\n\n\n\n<p class=\"wp-block-paragraph\">Mi estad\u00eda en Istmina me permiti\u00f3 ser semilla, planta e injerto en diferentes momentos, pens\u00e1ndonos como un todo, que los frutos se vuelven joyas que aportan todo tipo de riquezas e identidad al territorio, que debemos procurar espacios libres de plagas, enfermedades, transg\u00e9nicos y fumigaciones para que el resultado sea mejor. S\u00e9 que suena todo muy literal, pero \u00bfy si lo aplic\u00e1ramos en nuestras maneras de vivir? Generar v\u00ednculos con las personas, nos da la oportunidad de vernos y de verles, de acompa\u00f1arnos en estos procesos de crecimiento a trav\u00e9s de tiempo de escucha, de hospitalidad amorosa, de comidas variadas.<\/p>\n\n\n\n<p class=\"wp-block-paragraph\">Mucho se ha dicho sobre cosechar lo que sembramos, si sembramos futuros, esperanzas, justicia \u00bfqu\u00e9 podr\u00edamos cosechar.<\/p>\n\n\n\n<figure class=\"wp-block-image size-large\"><img decoding=\"async\" width=\"1536\" height=\"2048\" src=\"https:\/\/i0.wp.com\/www.mcclaca.org\/wp-content\/uploads\/2020\/09\/img_20181110_135901958.jpg?fit=750%2C1000\" alt=\"\" class=\"wp-image-11200\" srcset=\"https:\/\/i0.wp.com\/www.mcclaca.org\/wp-content\/uploads\/2020\/09\/img_20181110_135901958.jpg?w=1536&amp;ssl=1 1536w, https:\/\/i0.wp.com\/www.mcclaca.org\/wp-content\/uploads\/2020\/09\/img_20181110_135901958.jpg?resize=225%2C300&amp;ssl=1 225w, https:\/\/i0.wp.com\/www.mcclaca.org\/wp-content\/uploads\/2020\/09\/img_20181110_135901958.jpg?resize=768%2C1024&amp;ssl=1 768w, https:\/\/i0.wp.com\/www.mcclaca.org\/wp-content\/uploads\/2020\/09\/img_20181110_135901958.jpg?resize=1152%2C1536&amp;ssl=1 1152w\" sizes=\"(max-width: 750px) 100vw, 750px\" \/><\/figure>\n\n\n\n<p class=\"wp-block-paragraph\">Tomar la decisi\u00f3n de venir en el 2018 abri\u00f3 surcos para hoy ver frutos de a\u00f1os de esfuerzos que otras y otros han sembrado, han regado, han cuidado, han acompa\u00f1ado. Hoy creo que es necesario saber en que etapa estamos y c\u00f3mo podemos dar frutos, ser conscientes de los procesos y estar presentes en ellos. \u00a1Ahora que he aprendido tanto, no quiero perderme de nada!<\/p>\n\n\n\n<p class=\"wp-block-paragraph\">Para cerrar, dedico este fragmento del poema \u201cTe quiero\u201d de Mario Benedetti a todas esas personas de Choc\u00f3 que admiro por su amor, perseverancia, fuerza y valent\u00eda que tanto aportaron en mi.<\/p>\n\n\n\n<p class=\"wp-block-paragraph\">\u201cTe quiero porque tus manos<\/p>\n\n\n\n<p class=\"wp-block-paragraph\">trabajan por la justicia<\/p>\n\n\n\n<p class=\"wp-block-paragraph\">si te quiero es porque sos<\/p>\n\n\n\n<p class=\"wp-block-paragraph\">mi amor mi c\u00f3mplice y todo<\/p>\n\n\n\n<p class=\"wp-block-paragraph\">y en la calle codo a codo somos mucho m\u00e1s que dos\u201d.<\/p>\n\n\n\n<hr class=\"wp-block-separator\"\/>\n\n\n\n<p class=\"wp-block-paragraph\"><em>Francisca Pacheco Alvarado, de Valpara\u00edso, Chile, vivi\u00f3 en la ciudad de Istmina, Choc\u00f3, Colombia. Ella hizo parte del grupo V del programa Semilla Colombia y trabaj\u00f3 con los Hermanos Menonitas de la regi\u00f3n en un proyecto de \u00abEducaci\u00f3n para la paz\u00bb y en Fagrotes (Fundaci\u00f3n Agropecuaria Tejiendo Esperanza).<\/em><\/p>\n\n\n\n<p class=\"wp-block-paragraph\"><em>\u00bfQuieres participar en el programa Semilla? Haz clic&nbsp;<a rel=\"noreferrer noopener\" href=\"https:\/\/mcc.org\/get-involved\/serve\/volunteer\/seed\/es\" target=\"_blank\">aqu\u00ed<\/a><\/em> <em>para aprender mas y aplicar.<\/em><\/p>\n\n\n\n<p class=\"wp-block-paragraph\"><em>Este articulo fue originalmente publicado en el <a href=\"https:\/\/semillacolombia.wordpress.com\/\" target=\"_blank\" rel=\"noreferrer noopener\">blog de Semilla Colombia<\/a>.<\/em><\/p>\n","protected":false},"excerpt":{"rendered":"<p>Creo que una de las cosas m\u00e1s desafiantes en la vida es entender el sentido de nuestra existencia y como consecuencia, de las cosas que hacemos respecto a esto. Pensar en c\u00f3mo todo podr\u00eda ser diferente producto de una decisi\u00f3n distinta, \u00a1me resulta sorprendente! Cuando en el 2018 sal\u00ed de la comodidad de mi casa [&hellip;]<\/p>\n","protected":false},"author":5,"featured_media":11202,"comment_status":"open","ping_status":"open","sticky":false,"template":"","format":"standard","meta":{"nf_dc_page":"","_jetpack_newsletter_access":"","_jetpack_dont_email_post_to_subs":false,"_jetpack_newsletter_tier_id":0,"_jetpack_memberships_contains_paywalled_content":false,"_jetpack_feature_clip_id":0,"_jetpack_memberships_contains_paid_content":false,"footnotes":"","jetpack_publicize_message":"","jetpack_publicize_feature_enabled":true,"jetpack_social_post_already_shared":true,"jetpack_social_options":{"image_generator_settings":{"template":"highway","default_image_id":0,"font":"","enabled":false},"version":2},"jetpack_post_was_ever_published":false},"categories":[439,397,482],"tags":[],"class_list":["post-11195","post","type-post","status-publish","format-standard","has-post-thumbnail","hentry","category-colombia-es","category-incidencia-politica","category-semilla"],"jetpack_publicize_connections":[],"jetpack_sharing_enabled":true,"jetpack_shortlink":"https:\/\/wp.me\/p7pJjQ-2Uz","jetpack-related-posts":[{"id":11013,"url":"https:\/\/www.mcclaca.org\/es\/todos-somos-familia\/","url_meta":{"origin":11195,"position":0},"title":"\u00a1Todos somos familia!","author":"Admin","date":"7 de agosto de 2020","format":false,"excerpt":"Este art\u00edculo es parte de una serie que trata sobre el racismo en Colombia. Leer m\u00e1s aqu\u00ed. En la actualidad se tiene la idea o la sensaci\u00f3n de que el mundo ha evolucionado y estamos cada vez m\u00e1s a la vanguardia en comparaci\u00f3n a tiempos pasados, pero, \u00bfqu\u00e9 tan cierto\u2026","rel":"","context":"En \u00abColombia\u00bb","block_context":{"text":"Colombia","link":"https:\/\/www.mcclaca.org\/es\/category\/programas\/colombia-es\/"},"img":{"alt_text":"","src":"https:\/\/i0.wp.com\/www.mcclaca.org\/wp-content\/uploads\/2020\/08\/RS109413_IMG_2996-lpr.jpg?fit=1200%2C800&ssl=1&resize=350%2C200","width":350,"height":200,"srcset":"https:\/\/i0.wp.com\/www.mcclaca.org\/wp-content\/uploads\/2020\/08\/RS109413_IMG_2996-lpr.jpg?fit=1200%2C800&ssl=1&resize=350%2C200 1x, https:\/\/i0.wp.com\/www.mcclaca.org\/wp-content\/uploads\/2020\/08\/RS109413_IMG_2996-lpr.jpg?fit=1200%2C800&ssl=1&resize=525%2C300 1.5x, https:\/\/i0.wp.com\/www.mcclaca.org\/wp-content\/uploads\/2020\/08\/RS109413_IMG_2996-lpr.jpg?fit=1200%2C800&ssl=1&resize=700%2C400 2x, https:\/\/i0.wp.com\/www.mcclaca.org\/wp-content\/uploads\/2020\/08\/RS109413_IMG_2996-lpr.jpg?fit=1200%2C800&ssl=1&resize=1050%2C600 3x"},"classes":[]},{"id":11164,"url":"https:\/\/www.mcclaca.org\/es\/lecciones-en-el-racismo-sistemico-desde-choco\/","url_meta":{"origin":11195,"position":1},"title":"Lecciones en el racismo sist\u00e9mico desde Choc\u00f3","author":"Admin","date":"10 de septiembre de 2020","format":false,"excerpt":"Este art\u00edculo es parte de una serie que trata sobre el racismo en Colombia. Leer m\u00e1s aqu\u00ed. Cuando ten\u00eda 26 a\u00f1os, mi esposo y yo nos mudamos a Colombia para ser parte del programa de CCM de Semilla. Nos colocaron con las Iglesias Hermanos Menonitas en el Choc\u00f3, un departamento\u2026","rel":"","context":"En \u00abColombia\u00bb","block_context":{"text":"Colombia","link":"https:\/\/www.mcclaca.org\/es\/category\/programas\/colombia-es\/"},"img":{"alt_text":"","src":"https:\/\/i0.wp.com\/www.mcclaca.org\/wp-content\/uploads\/2020\/09\/DSCN1693-2-1.jpg?fit=1200%2C900&ssl=1&resize=350%2C200","width":350,"height":200,"srcset":"https:\/\/i0.wp.com\/www.mcclaca.org\/wp-content\/uploads\/2020\/09\/DSCN1693-2-1.jpg?fit=1200%2C900&ssl=1&resize=350%2C200 1x, https:\/\/i0.wp.com\/www.mcclaca.org\/wp-content\/uploads\/2020\/09\/DSCN1693-2-1.jpg?fit=1200%2C900&ssl=1&resize=525%2C300 1.5x, https:\/\/i0.wp.com\/www.mcclaca.org\/wp-content\/uploads\/2020\/09\/DSCN1693-2-1.jpg?fit=1200%2C900&ssl=1&resize=700%2C400 2x, https:\/\/i0.wp.com\/www.mcclaca.org\/wp-content\/uploads\/2020\/09\/DSCN1693-2-1.jpg?fit=1200%2C900&ssl=1&resize=1050%2C600 3x"},"classes":[]},{"id":11234,"url":"https:\/\/www.mcclaca.org\/es\/si-el-racismo-esta-vivo-en-colombia\/","url_meta":{"origin":11195,"position":2},"title":"S\u00ed, el racismo est\u00e1 vivo en Colombia","author":"Admin","date":"2 de octubre de 2020","format":false,"excerpt":"Este art\u00edculo es parte de una serie que trata sobre el racismo en Colombia. Leer m\u00e1s aqu\u00ed. \"No puedo creer lo que dices, porque veo lo que haces\". James Baldwin Por supuesto, el racismo est\u00e1 muy vivo en Colombia. Para conocer su realidad en Colombia, no les pregunte a los\u2026","rel":"","context":"En \u00abColombia\u00bb","block_context":{"text":"Colombia","link":"https:\/\/www.mcclaca.org\/es\/category\/programas\/colombia-es\/"},"img":{"alt_text":"","src":"https:\/\/i0.wp.com\/www.mcclaca.org\/wp-content\/uploads\/2019\/08\/IMG_9561-2-e1601657777883.jpg?fit=1200%2C504&ssl=1&resize=350%2C200","width":350,"height":200,"srcset":"https:\/\/i0.wp.com\/www.mcclaca.org\/wp-content\/uploads\/2019\/08\/IMG_9561-2-e1601657777883.jpg?fit=1200%2C504&ssl=1&resize=350%2C200 1x, https:\/\/i0.wp.com\/www.mcclaca.org\/wp-content\/uploads\/2019\/08\/IMG_9561-2-e1601657777883.jpg?fit=1200%2C504&ssl=1&resize=525%2C300 1.5x, https:\/\/i0.wp.com\/www.mcclaca.org\/wp-content\/uploads\/2019\/08\/IMG_9561-2-e1601657777883.jpg?fit=1200%2C504&ssl=1&resize=700%2C400 2x, https:\/\/i0.wp.com\/www.mcclaca.org\/wp-content\/uploads\/2019\/08\/IMG_9561-2-e1601657777883.jpg?fit=1200%2C504&ssl=1&resize=1050%2C600 3x"},"classes":[]},{"id":10936,"url":"https:\/\/www.mcclaca.org\/es\/bordo-que-es-un-bordo\/","url_meta":{"origin":11195,"position":3},"title":"\u00bfBordo? \u00bfQu\u00e9 es un bordo?","author":"Admin","date":"7 de julio de 2020","format":false,"excerpt":"Al inicio de mi tiempo de servicio con CCM, ten\u00eda muchas preguntas rondando en mi cabeza. Muchas de ellas me hac\u00edan dudar de mi capacidad para cumplir con mi trabajo. En ese tiempo, de lo \u00fanico que estaba segura era que hab\u00eda tomado una de las mejores decisiones en mi\u2026","rel":"","context":"En \u00abHonduras\u00bb","block_context":{"text":"Honduras","link":"https:\/\/www.mcclaca.org\/es\/category\/programas\/honduras-es\/"},"img":{"alt_text":"","src":"https:\/\/i0.wp.com\/www.mcclaca.org\/wp-content\/uploads\/2020\/07\/WhatsApp-Image-2020-06-19-at-2.28.42-PM-1.jpeg?fit=900%2C1200&ssl=1&resize=350%2C200","width":350,"height":200,"srcset":"https:\/\/i0.wp.com\/www.mcclaca.org\/wp-content\/uploads\/2020\/07\/WhatsApp-Image-2020-06-19-at-2.28.42-PM-1.jpeg?fit=900%2C1200&ssl=1&resize=350%2C200 1x, https:\/\/i0.wp.com\/www.mcclaca.org\/wp-content\/uploads\/2020\/07\/WhatsApp-Image-2020-06-19-at-2.28.42-PM-1.jpeg?fit=900%2C1200&ssl=1&resize=525%2C300 1.5x, https:\/\/i0.wp.com\/www.mcclaca.org\/wp-content\/uploads\/2020\/07\/WhatsApp-Image-2020-06-19-at-2.28.42-PM-1.jpeg?fit=900%2C1200&ssl=1&resize=700%2C400 2x"},"classes":[]},{"id":10925,"url":"https:\/\/www.mcclaca.org\/es\/otro-mundo-es-posible\/","url_meta":{"origin":11195,"position":4},"title":"Otro mundo es posible","author":"Admin","date":"24 de junio de 2020","format":false,"excerpt":"La primera vez que pens\u00e9 profundamente en Am\u00e9rica Latina fue probablemente durante un curso de literatura posmoderna que tom\u00e9 en pleno invierno durante mi licenciatura en la universidad. El invierno en mi ciudad natal es largo, oscuro y muy fr\u00edo, e incluso para los lectores libros m\u00e1s apasionados, o para\u2026","rel":"","context":"En \u00abColombia\u00bb","block_context":{"text":"Colombia","link":"https:\/\/www.mcclaca.org\/es\/category\/programas\/colombia-es\/"},"img":{"alt_text":"","src":"https:\/\/i0.wp.com\/www.mcclaca.org\/wp-content\/uploads\/2020\/06\/IMG_3240-scaled.jpg?fit=1200%2C800&ssl=1&resize=350%2C200","width":350,"height":200,"srcset":"https:\/\/i0.wp.com\/www.mcclaca.org\/wp-content\/uploads\/2020\/06\/IMG_3240-scaled.jpg?fit=1200%2C800&ssl=1&resize=350%2C200 1x, https:\/\/i0.wp.com\/www.mcclaca.org\/wp-content\/uploads\/2020\/06\/IMG_3240-scaled.jpg?fit=1200%2C800&ssl=1&resize=525%2C300 1.5x, https:\/\/i0.wp.com\/www.mcclaca.org\/wp-content\/uploads\/2020\/06\/IMG_3240-scaled.jpg?fit=1200%2C800&ssl=1&resize=700%2C400 2x, https:\/\/i0.wp.com\/www.mcclaca.org\/wp-content\/uploads\/2020\/06\/IMG_3240-scaled.jpg?fit=1200%2C800&ssl=1&resize=1050%2C600 3x"},"classes":[]},{"id":11471,"url":"https:\/\/www.mcclaca.org\/es\/iglesias-y-organizaciones-menonitas-responden-a-las-protestas-y-la-violencia-en-colombia\/","url_meta":{"origin":11195,"position":5},"title":"Iglesias y organizaciones Menonitas responden a las protestas y la violencia en Colombia","author":"Admin","date":"11 de mayo de 2021","format":false,"excerpt":"El 28 de abril decenas de miles de colombianos marcharon en una reiteraci\u00f3n renovada del Paro Nacional que hab\u00eda arrancado con fuerza en noviembre del 2019. Con la llegada de la pandemia de COVID-19, el Paro se detuvo, pero las razones de manifestarse aumentaron. Despu\u00e9s de un confinamiento obligatorio de\u2026","rel":"","context":"En \u00abAdvocacy\u00bb","block_context":{"text":"Advocacy","link":"https:\/\/www.mcclaca.org\/category\/advocacy\/"},"img":{"alt_text":"","src":"https:\/\/i0.wp.com\/www.mcclaca.org\/wp-content\/uploads\/2016\/04\/Fotos-de-Nemy-2-e1620752113919.jpeg?fit=1200%2C615&ssl=1&resize=350%2C200","width":350,"height":200,"srcset":"https:\/\/i0.wp.com\/www.mcclaca.org\/wp-content\/uploads\/2016\/04\/Fotos-de-Nemy-2-e1620752113919.jpeg?fit=1200%2C615&ssl=1&resize=350%2C200 1x, https:\/\/i0.wp.com\/www.mcclaca.org\/wp-content\/uploads\/2016\/04\/Fotos-de-Nemy-2-e1620752113919.jpeg?fit=1200%2C615&ssl=1&resize=525%2C300 1.5x, https:\/\/i0.wp.com\/www.mcclaca.org\/wp-content\/uploads\/2016\/04\/Fotos-de-Nemy-2-e1620752113919.jpeg?fit=1200%2C615&ssl=1&resize=700%2C400 2x, https:\/\/i0.wp.com\/www.mcclaca.org\/wp-content\/uploads\/2016\/04\/Fotos-de-Nemy-2-e1620752113919.jpeg?fit=1200%2C615&ssl=1&resize=1050%2C600 3x"},"classes":[]}],"jetpack_featured_media_url":"https:\/\/i0.wp.com\/www.mcclaca.org\/wp-content\/uploads\/2020\/09\/RS102917_Colombia-Choco-Day-7-139-lpr.jpg?fit=2000%2C1333&ssl=1","_links":{"self":[{"href":"https:\/\/www.mcclaca.org\/es\/wp-json\/wp\/v2\/posts\/11195","targetHints":{"allow":["GET"]}}],"collection":[{"href":"https:\/\/www.mcclaca.org\/es\/wp-json\/wp\/v2\/posts"}],"about":[{"href":"https:\/\/www.mcclaca.org\/es\/wp-json\/wp\/v2\/types\/post"}],"author":[{"embeddable":true,"href":"https:\/\/www.mcclaca.org\/es\/wp-json\/wp\/v2\/users\/5"}],"replies":[{"embeddable":true,"href":"https:\/\/www.mcclaca.org\/es\/wp-json\/wp\/v2\/comments?post=11195"}],"version-history":[{"count":3,"href":"https:\/\/www.mcclaca.org\/es\/wp-json\/wp\/v2\/posts\/11195\/revisions"}],"predecessor-version":[{"id":11218,"href":"https:\/\/www.mcclaca.org\/es\/wp-json\/wp\/v2\/posts\/11195\/revisions\/11218"}],"wp:featuredmedia":[{"embeddable":true,"href":"https:\/\/www.mcclaca.org\/es\/wp-json\/wp\/v2\/media\/11202"}],"wp:attachment":[{"href":"https:\/\/www.mcclaca.org\/es\/wp-json\/wp\/v2\/media?parent=11195"}],"wp:term":[{"taxonomy":"category","embeddable":true,"href":"https:\/\/www.mcclaca.org\/es\/wp-json\/wp\/v2\/categories?post=11195"},{"taxonomy":"post_tag","embeddable":true,"href":"https:\/\/www.mcclaca.org\/es\/wp-json\/wp\/v2\/tags?post=11195"}],"curies":[{"name":"wp","href":"https:\/\/api.w.org\/{rel}","templated":true}]}}