{"id":11287,"date":"2020-11-12T13:55:49","date_gmt":"2020-11-12T19:55:49","guid":{"rendered":"http:\/\/www.mcclaca.org\/?p=11287\/"},"modified":"2020-11-12T14:08:40","modified_gmt":"2020-11-12T20:08:40","slug":"soy-negra","status":"publish","type":"post","link":"https:\/\/www.mcclaca.org\/es\/soy-negra\/","title":{"rendered":"Soy Negra"},"content":{"rendered":"\n<p class=\"wp-block-paragraph\">Pienso negra.<\/p>\n\n\n\n<p class=\"wp-block-paragraph\">pienso la africana.<\/p>\n\n\n\n<p class=\"wp-block-paragraph\">y exhalo.<\/p>\n\n\n\n<p class=\"wp-block-paragraph\">y quiero decirte lo agotador que es.<\/p>\n\n\n\n<p class=\"wp-block-paragraph\">no ser negra. esto no tengo problemas con.<\/p>\n\n\n\n<p class=\"wp-block-paragraph\">es que tengo que recordarte constantemente que yo tambi\u00e9n soy humana que me deja tan drenada.<\/p>\n\n\n\n<p class=\"wp-block-paragraph\">pero bueno.<\/p>\n\n\n\n<p class=\"wp-block-paragraph\">mi voz ahora lleva los gritos de mis antepasados de siglos pasados:<\/p>\n\n\n\n<p class=\"wp-block-paragraph\">Soy negra. No menos.<\/p>\n\n\n\n<p class=\"wp-block-paragraph\">Soy negra. No m\u00e1s.<\/p>\n\n\n\n<p class=\"wp-block-paragraph\">Yo soy negra. eso es.<\/p>\n\n\n\n<hr class=\"wp-block-separator\"\/>\n\n\n\n<p class=\"wp-block-paragraph\"><em>Winifred Beatrice Gray-Johnson, de Liberia, es voluntaria del programa Semilla con CCM Bolivia. Su favorita pregunta es \u00bfd\u00f3nde es hogar?<\/em><\/p>\n","protected":false},"excerpt":{"rendered":"<p>Pienso negra. pienso la africana. y exhalo. y quiero decirte lo agotador que es. no ser negra. esto no tengo problemas con. es que tengo que recordarte constantemente que yo tambi\u00e9n soy humana que me deja tan drenada. pero bueno. mi voz ahora lleva los gritos de mis antepasados de siglos pasados: Soy negra. No [&hellip;]<\/p>\n","protected":false},"author":5,"featured_media":11285,"comment_status":"open","ping_status":"open","sticky":false,"template":"","format":"standard","meta":{"nf_dc_page":"","_jetpack_newsletter_access":"","_jetpack_dont_email_post_to_subs":false,"_jetpack_newsletter_tier_id":0,"_jetpack_memberships_contains_paywalled_content":false,"_jetpack_feature_clip_id":0,"_jetpack_memberships_contains_paid_content":false,"footnotes":"","jetpack_publicize_message":"","jetpack_publicize_feature_enabled":true,"jetpack_social_post_already_shared":true,"jetpack_social_options":{"image_generator_settings":{"template":"highway","default_image_id":0,"font":"","enabled":false},"version":2},"jetpack_post_was_ever_published":false},"categories":[397,482],"tags":[],"class_list":["post-11287","post","type-post","status-publish","format-standard","has-post-thumbnail","hentry","category-incidencia-politica","category-semilla"],"jetpack_publicize_connections":[],"jetpack_sharing_enabled":true,"jetpack_shortlink":"https:\/\/wp.me\/p7pJjQ-2W3","jetpack-related-posts":[{"id":11248,"url":"https:\/\/www.mcclaca.org\/es\/mestiza-soy\/","url_meta":{"origin":11287,"position":0},"title":"Mestiza soy","author":"Admin","date":"15 de octubre de 2020","format":false,"excerpt":"Este poema es parte de una serie que trata sobre el racismo en Colombia.\u00a0Leer m\u00e1s aqu\u00ed. Mestiza soy,Mi sangre palpita al ritmodel sonido del tamborhija de \u00c1frica soy. Mestiza soySoy los hilos \u00a0En el tejido de mis mochilasHija de Ind\u00edgenas. Piel blanca, cabellos ondulados,Ojos marr\u00f3n, andariega deCaminos,Gitana de la Espa\u00f1a.\u2026","rel":"","context":"En \u00abColombia\u00bb","block_context":{"text":"Colombia","link":"https:\/\/www.mcclaca.org\/es\/category\/programas\/colombia-es\/"},"img":{"alt_text":"","src":"https:\/\/i0.wp.com\/www.mcclaca.org\/wp-content\/uploads\/2020\/10\/WhatsApp-Image-2020-06-23-at-5.47.22-PM.jpeg?fit=900%2C1200&ssl=1&resize=350%2C200","width":350,"height":200,"srcset":"https:\/\/i0.wp.com\/www.mcclaca.org\/wp-content\/uploads\/2020\/10\/WhatsApp-Image-2020-06-23-at-5.47.22-PM.jpeg?fit=900%2C1200&ssl=1&resize=350%2C200 1x, https:\/\/i0.wp.com\/www.mcclaca.org\/wp-content\/uploads\/2020\/10\/WhatsApp-Image-2020-06-23-at-5.47.22-PM.jpeg?fit=900%2C1200&ssl=1&resize=525%2C300 1.5x, https:\/\/i0.wp.com\/www.mcclaca.org\/wp-content\/uploads\/2020\/10\/WhatsApp-Image-2020-06-23-at-5.47.22-PM.jpeg?fit=900%2C1200&ssl=1&resize=700%2C400 2x"},"classes":[]},{"id":12118,"url":"https:\/\/www.mcclaca.org\/es\/testimonios-de-lideresas-mexicanas\/","url_meta":{"origin":11287,"position":1},"title":"Testimonios de mujeres l\u00edderes mexicanas","author":"Admin","date":"9 de marzo de 2023","format":false,"excerpt":"Soy una mujer de Guadalajara Diana Lepe, Serapaz, Ciudad de Mexico Mi rol ahora es liderar a otros y otras en una organizaci\u00f3n reconocida por la sociedad civil en M\u00e9xico Lo m\u00e1s retante de ser mujer, hasta ahora, ha sido que, frente a los obst\u00e1culos y violencias vividas, pueda ser\u2026","rel":"","context":"En \u00abIncidencia Pol\u00edtica\u00bb","block_context":{"text":"Incidencia Pol\u00edtica","link":"https:\/\/www.mcclaca.org\/es\/category\/incidencia-politica\/"},"img":{"alt_text":"","src":"https:\/\/i0.wp.com\/www.mcclaca.org\/wp-content\/uploads\/2023\/03\/IMG_7501.jpg?fit=1200%2C800&ssl=1&resize=350%2C200","width":350,"height":200,"srcset":"https:\/\/i0.wp.com\/www.mcclaca.org\/wp-content\/uploads\/2023\/03\/IMG_7501.jpg?fit=1200%2C800&ssl=1&resize=350%2C200 1x, https:\/\/i0.wp.com\/www.mcclaca.org\/wp-content\/uploads\/2023\/03\/IMG_7501.jpg?fit=1200%2C800&ssl=1&resize=525%2C300 1.5x, https:\/\/i0.wp.com\/www.mcclaca.org\/wp-content\/uploads\/2023\/03\/IMG_7501.jpg?fit=1200%2C800&ssl=1&resize=700%2C400 2x, https:\/\/i0.wp.com\/www.mcclaca.org\/wp-content\/uploads\/2023\/03\/IMG_7501.jpg?fit=1200%2C800&ssl=1&resize=1050%2C600 3x"},"classes":[]},{"id":11013,"url":"https:\/\/www.mcclaca.org\/es\/todos-somos-familia\/","url_meta":{"origin":11287,"position":2},"title":"\u00a1Todos somos familia!","author":"Admin","date":"7 de agosto de 2020","format":false,"excerpt":"Este art\u00edculo es parte de una serie que trata sobre el racismo en Colombia. Leer m\u00e1s aqu\u00ed. En la actualidad se tiene la idea o la sensaci\u00f3n de que el mundo ha evolucionado y estamos cada vez m\u00e1s a la vanguardia en comparaci\u00f3n a tiempos pasados, pero, \u00bfqu\u00e9 tan cierto\u2026","rel":"","context":"En \u00abColombia\u00bb","block_context":{"text":"Colombia","link":"https:\/\/www.mcclaca.org\/es\/category\/programas\/colombia-es\/"},"img":{"alt_text":"","src":"https:\/\/i0.wp.com\/www.mcclaca.org\/wp-content\/uploads\/2020\/08\/RS109413_IMG_2996-lpr.jpg?fit=1200%2C800&ssl=1&resize=350%2C200","width":350,"height":200,"srcset":"https:\/\/i0.wp.com\/www.mcclaca.org\/wp-content\/uploads\/2020\/08\/RS109413_IMG_2996-lpr.jpg?fit=1200%2C800&ssl=1&resize=350%2C200 1x, https:\/\/i0.wp.com\/www.mcclaca.org\/wp-content\/uploads\/2020\/08\/RS109413_IMG_2996-lpr.jpg?fit=1200%2C800&ssl=1&resize=525%2C300 1.5x, https:\/\/i0.wp.com\/www.mcclaca.org\/wp-content\/uploads\/2020\/08\/RS109413_IMG_2996-lpr.jpg?fit=1200%2C800&ssl=1&resize=700%2C400 2x, https:\/\/i0.wp.com\/www.mcclaca.org\/wp-content\/uploads\/2020\/08\/RS109413_IMG_2996-lpr.jpg?fit=1200%2C800&ssl=1&resize=1050%2C600 3x"},"classes":[]},{"id":11164,"url":"https:\/\/www.mcclaca.org\/es\/lecciones-en-el-racismo-sistemico-desde-choco\/","url_meta":{"origin":11287,"position":3},"title":"Lecciones en el racismo sist\u00e9mico desde Choc\u00f3","author":"Admin","date":"10 de septiembre de 2020","format":false,"excerpt":"Este art\u00edculo es parte de una serie que trata sobre el racismo en Colombia. Leer m\u00e1s aqu\u00ed. Cuando ten\u00eda 26 a\u00f1os, mi esposo y yo nos mudamos a Colombia para ser parte del programa de CCM de Semilla. Nos colocaron con las Iglesias Hermanos Menonitas en el Choc\u00f3, un departamento\u2026","rel":"","context":"En \u00abColombia\u00bb","block_context":{"text":"Colombia","link":"https:\/\/www.mcclaca.org\/es\/category\/programas\/colombia-es\/"},"img":{"alt_text":"","src":"https:\/\/i0.wp.com\/www.mcclaca.org\/wp-content\/uploads\/2020\/09\/DSCN1693-2-1.jpg?fit=1200%2C900&ssl=1&resize=350%2C200","width":350,"height":200,"srcset":"https:\/\/i0.wp.com\/www.mcclaca.org\/wp-content\/uploads\/2020\/09\/DSCN1693-2-1.jpg?fit=1200%2C900&ssl=1&resize=350%2C200 1x, https:\/\/i0.wp.com\/www.mcclaca.org\/wp-content\/uploads\/2020\/09\/DSCN1693-2-1.jpg?fit=1200%2C900&ssl=1&resize=525%2C300 1.5x, https:\/\/i0.wp.com\/www.mcclaca.org\/wp-content\/uploads\/2020\/09\/DSCN1693-2-1.jpg?fit=1200%2C900&ssl=1&resize=700%2C400 2x, https:\/\/i0.wp.com\/www.mcclaca.org\/wp-content\/uploads\/2020\/09\/DSCN1693-2-1.jpg?fit=1200%2C900&ssl=1&resize=1050%2C600 3x"},"classes":[]},{"id":10702,"url":"https:\/\/www.mcclaca.org\/es\/llamado-a-la-noviolencia-comunicado-a-la-opinion-publica-frente-a-nuevas-amenazas-al-sector-religioso\/","url_meta":{"origin":11287,"position":4},"title":"Llamado a la noviolencia: Comunicado a la opini\u00f3n p\u00fablica frente a nuevas amenazas al sector religioso","author":"Admin","date":"19 de marzo de 2020","format":false,"excerpt":"Bogot\u00e1, Marzo 2 de 2020 El pasado 28 de febrero tuvimos conocimiento de un nuevo panfleto donde se nos califica como objetivos militares inmediatos por parte de las \u201c\u00e1guilas negras\u201d amenazando a l\u00edderes y lideresas sociales, organizaciones de Derechos Humanos, entidades comprometidas con la paz y tambi\u00e9n a nuestra entidad\u2026","rel":"","context":"En \u00abColombia\u00bb","block_context":{"text":"Colombia","link":"https:\/\/www.mcclaca.org\/es\/category\/programas\/colombia-es\/"},"img":{"alt_text":"","src":"https:\/\/i0.wp.com\/www.mcclaca.org\/wp-content\/uploads\/2020\/03\/RS83473_IMG_0810-lpr.jpg?fit=1200%2C800&ssl=1&resize=350%2C200","width":350,"height":200,"srcset":"https:\/\/i0.wp.com\/www.mcclaca.org\/wp-content\/uploads\/2020\/03\/RS83473_IMG_0810-lpr.jpg?fit=1200%2C800&ssl=1&resize=350%2C200 1x, https:\/\/i0.wp.com\/www.mcclaca.org\/wp-content\/uploads\/2020\/03\/RS83473_IMG_0810-lpr.jpg?fit=1200%2C800&ssl=1&resize=525%2C300 1.5x, https:\/\/i0.wp.com\/www.mcclaca.org\/wp-content\/uploads\/2020\/03\/RS83473_IMG_0810-lpr.jpg?fit=1200%2C800&ssl=1&resize=700%2C400 2x, https:\/\/i0.wp.com\/www.mcclaca.org\/wp-content\/uploads\/2020\/03\/RS83473_IMG_0810-lpr.jpg?fit=1200%2C800&ssl=1&resize=1050%2C600 3x"},"classes":[]},{"id":11234,"url":"https:\/\/www.mcclaca.org\/es\/si-el-racismo-esta-vivo-en-colombia\/","url_meta":{"origin":11287,"position":5},"title":"S\u00ed, el racismo est\u00e1 vivo en Colombia","author":"Admin","date":"2 de octubre de 2020","format":false,"excerpt":"Este art\u00edculo es parte de una serie que trata sobre el racismo en Colombia. Leer m\u00e1s aqu\u00ed. \"No puedo creer lo que dices, porque veo lo que haces\". James Baldwin Por supuesto, el racismo est\u00e1 muy vivo en Colombia. Para conocer su realidad en Colombia, no les pregunte a los\u2026","rel":"","context":"En \u00abColombia\u00bb","block_context":{"text":"Colombia","link":"https:\/\/www.mcclaca.org\/es\/category\/programas\/colombia-es\/"},"img":{"alt_text":"","src":"https:\/\/i0.wp.com\/www.mcclaca.org\/wp-content\/uploads\/2019\/08\/IMG_9561-2-e1601657777883.jpg?fit=1200%2C504&ssl=1&resize=350%2C200","width":350,"height":200,"srcset":"https:\/\/i0.wp.com\/www.mcclaca.org\/wp-content\/uploads\/2019\/08\/IMG_9561-2-e1601657777883.jpg?fit=1200%2C504&ssl=1&resize=350%2C200 1x, https:\/\/i0.wp.com\/www.mcclaca.org\/wp-content\/uploads\/2019\/08\/IMG_9561-2-e1601657777883.jpg?fit=1200%2C504&ssl=1&resize=525%2C300 1.5x, https:\/\/i0.wp.com\/www.mcclaca.org\/wp-content\/uploads\/2019\/08\/IMG_9561-2-e1601657777883.jpg?fit=1200%2C504&ssl=1&resize=700%2C400 2x, https:\/\/i0.wp.com\/www.mcclaca.org\/wp-content\/uploads\/2019\/08\/IMG_9561-2-e1601657777883.jpg?fit=1200%2C504&ssl=1&resize=1050%2C600 3x"},"classes":[]}],"jetpack_featured_media_url":"https:\/\/i0.wp.com\/www.mcclaca.org\/wp-content\/uploads\/2020\/11\/winifred-gray-johnson.jpg?fit=821%2C569&ssl=1","_links":{"self":[{"href":"https:\/\/www.mcclaca.org\/es\/wp-json\/wp\/v2\/posts\/11287","targetHints":{"allow":["GET"]}}],"collection":[{"href":"https:\/\/www.mcclaca.org\/es\/wp-json\/wp\/v2\/posts"}],"about":[{"href":"https:\/\/www.mcclaca.org\/es\/wp-json\/wp\/v2\/types\/post"}],"author":[{"embeddable":true,"href":"https:\/\/www.mcclaca.org\/es\/wp-json\/wp\/v2\/users\/5"}],"replies":[{"embeddable":true,"href":"https:\/\/www.mcclaca.org\/es\/wp-json\/wp\/v2\/comments?post=11287"}],"version-history":[{"count":1,"href":"https:\/\/www.mcclaca.org\/es\/wp-json\/wp\/v2\/posts\/11287\/revisions"}],"predecessor-version":[{"id":11288,"href":"https:\/\/www.mcclaca.org\/es\/wp-json\/wp\/v2\/posts\/11287\/revisions\/11288"}],"wp:featuredmedia":[{"embeddable":true,"href":"https:\/\/www.mcclaca.org\/es\/wp-json\/wp\/v2\/media\/11285"}],"wp:attachment":[{"href":"https:\/\/www.mcclaca.org\/es\/wp-json\/wp\/v2\/media?parent=11287"}],"wp:term":[{"taxonomy":"category","embeddable":true,"href":"https:\/\/www.mcclaca.org\/es\/wp-json\/wp\/v2\/categories?post=11287"},{"taxonomy":"post_tag","embeddable":true,"href":"https:\/\/www.mcclaca.org\/es\/wp-json\/wp\/v2\/tags?post=11287"}],"curies":[{"name":"wp","href":"https:\/\/api.w.org\/{rel}","templated":true}]}}