{"id":11508,"date":"2021-05-24T15:39:06","date_gmt":"2021-05-24T20:39:06","guid":{"rendered":"http:\/\/www.mcclaca.org\/?p=11508\/"},"modified":"2021-05-24T15:44:10","modified_gmt":"2021-05-24T20:44:10","slug":"luz-una-risa-en-medio-del-llanto","status":"publish","type":"post","link":"https:\/\/www.mcclaca.org\/es\/luz-una-risa-en-medio-del-llanto\/","title":{"rendered":"Luz: una risa en medio del llanto"},"content":{"rendered":"\n<p class=\"wp-block-paragraph\">Esta historia tiene como protagonista a una mujer que por motivos de seguridad hoy llamaremos \u201cLuz\u201d.<\/p>\n\n\n\n<p class=\"wp-block-paragraph\">\u201cLuz\u201d naci\u00f3 en la Guajira, en la Costa caribe de Colombia. Seg\u00fan sus palabras, este es un territorio muy bonito, muy caliente pero muy violento. \u201cLas personas de all\u00e1 son gente amable a la que no le importa incomodarse con tal de atender bien al de afuera. Me gustaba mucho como se viv\u00eda las tradiciones y la relaci\u00f3n con los\/as vecinos\/as.\u201d<\/p>\n\n\n\n<p class=\"wp-block-paragraph\">Nos cuenta que de ni\u00f1a disfrutaba poder jugar tranquilamente, incluso de noche. Recuerda que en Semana Santa hab\u00eda una tradici\u00f3n que le encantaba:&nbsp; hac\u00edan dulces de tomate, frijol coco, otras frutas y hasta de papa y lo compart\u00edan entre vecinos.<\/p>\n\n\n\n<p class=\"wp-block-paragraph\">All\u00e1 de ni\u00f1a viv\u00eda con sus padres, sus 2 hermanas y 2 hermanos, pero lamentablemente cuando ten\u00eda 11 a\u00f1os sus padres mueren por diferentes enfermedades quedando ella a cargo de sus hermanos\/as peque\u00f1os\/as. Nos dice que fue muy duro, que perdi\u00f3 ese a\u00f1o de colegio porque entre ella y su hermano de 9 a\u00f1os se turnaban para trabajar y poder sostenerse. \u201cSiempre hab\u00eda alguien adulto, pero solo por estar, no en el rol de como en realidad un ni\u00f1o necesita de un adulto\u201d. Y lo que la motiv\u00f3 para seguir adelante fueron sus hermanos.<\/p>\n\n\n\n<p class=\"wp-block-paragraph\">Su ni\u00f1ez estuvo marcada por un cristianismo muy tradicional\/conservador y una espiritualidad que seg\u00fan sus palabras \u201cno serv\u00eda\u201d. Fue a una iglesia que, en lugar de ayudar, fue plantando temores y prejuicios sobre ella, llev\u00e1ndola a pensar en un Dios ego\u00edsta y malo.<\/p>\n\n\n\n<p class=\"wp-block-paragraph\">\u201cLuz\u201d se caracteriza por tener una personalidad muy alegre y activa, pero esto no es una coincidencia. Su dif\u00edcil infancia la priv\u00f3 de \u201cser ni\u00f1a\u201d. Los ni\u00f1os y ni\u00f1as a los 11 a\u00f1os solo quieren jugar, pero ella&nbsp; tuvo que ser fuerte porque&nbsp; alguien ten\u00eda que cuidar a sus hermanos. Al crecer, ser alegre le sirvi\u00f3 para sanar m\u00e1s r\u00e1pido, nos dice que es una persona que al pasar por una situaci\u00f3n dif\u00edcil no se queda ah\u00ed, trata siempre de mirar m\u00e1s all\u00e1.<\/p>\n\n\n\n<figure class=\"wp-block-image size-large\"><img fetchpriority=\"high\" decoding=\"async\" width=\"1500\" height=\"844\" src=\"https:\/\/i1.wp.com\/www.mcclaca.org\/wp-content\/uploads\/2021\/05\/flavia-carpio-P3PFi8THbUs-unsplash.jpg?fit=750%2C422\" alt=\"\" class=\"wp-image-11499\" srcset=\"https:\/\/i0.wp.com\/www.mcclaca.org\/wp-content\/uploads\/2021\/05\/flavia-carpio-P3PFi8THbUs-unsplash.jpg?w=1500&amp;ssl=1 1500w, https:\/\/i0.wp.com\/www.mcclaca.org\/wp-content\/uploads\/2021\/05\/flavia-carpio-P3PFi8THbUs-unsplash.jpg?resize=300%2C169&amp;ssl=1 300w, https:\/\/i0.wp.com\/www.mcclaca.org\/wp-content\/uploads\/2021\/05\/flavia-carpio-P3PFi8THbUs-unsplash.jpg?resize=1024%2C576&amp;ssl=1 1024w, https:\/\/i0.wp.com\/www.mcclaca.org\/wp-content\/uploads\/2021\/05\/flavia-carpio-P3PFi8THbUs-unsplash.jpg?resize=768%2C432&amp;ssl=1 768w\" sizes=\"(max-width: 750px) 100vw, 750px\" \/><figcaption><em><span style=\"color:#0092ac\" class=\"has-inline-color\">Foto: <a href=\"https:\/\/unsplash.com\/@flacaral?utm_source=unsplash&amp;utm_medium=referral&amp;utm_content=creditCopyText\">Flavia Carpio<\/a>\/<a href=\"https:\/\/unsplash.com\/?utm_source=unsplash&amp;utm_medium=referral&amp;utm_content=creditCopyText\">Unsplash<\/a><\/span><\/em><\/figcaption><\/figure>\n\n\n\n<p class=\"wp-block-paragraph\"><br>Cuando le pregunto si a\u00fan se siente responsable de sus hermano\/as me dice que en ocasiones s\u00ed y llora. Su llanto tiene mucho que ver con que hay otra p\u00e9rdida importante en su vida, la p\u00e9rdida de uno de sus hermanos.<\/p>\n\n\n\n<p class=\"wp-block-paragraph\">Colombia hace d\u00e9cadas enfrenta una guerra que ha dejado m\u00e1s muertos y personas desaparecidas (por reclutamiento o invasi\u00f3n de la guerrilla y grupos paramilitares) que las v\u00edctimas de las dictaduras de Chile y Argentina.<\/p>\n\n\n\n<p class=\"wp-block-paragraph\">La Guajira no es diferente, constantemente los grupos armados est\u00e1n disput\u00e1ndose territorios, reclutando ni\u00f1os\/as y j\u00f3venes y extorsion\u00e1ndoles a ellos\/as y sus familias si no ceden. La familia de \u201cLuz\u201d fue v\u00edctima de estos grupos al punto de tener que dejar la tierra que tanto les gustaba, dejar su casa, sus amigos y sus tradiciones por cuidar sus vidas.<\/p>\n\n\n\n<p class=\"wp-block-paragraph\">Lleva viviendo 3 a\u00f1os en Ecuador junto a su familia y su venida no fue algo muy planificado, llegaron a Quito huyendo de la violencia, sin cobertura de nadie. \u201cLuz\u201d cuenta que es muy dif\u00edcil hablar con sus hijos sobre Colombia, es importante para ella que sepan que es un pa\u00eds hermoso, que no se olviden de d\u00f3nde vienen, pero tambi\u00e9n que hay mucha violencia y corrupci\u00f3n.<\/p>\n\n\n\n<p class=\"wp-block-paragraph\">Al llegar a Quito no tra\u00edan mucha ropa o cosas de valor, pero s\u00ed expectativas de acogida y ganas de comenzar de nuevo. Fue un choque fuerte contra la realidad de los prejuicios, la falta de oportunidades, el racismo, el regionalismo, entre otras cosas.<\/p>\n\n\n\n<figure class=\"wp-block-image size-large\"><img decoding=\"async\" width=\"2000\" height=\"1333\" src=\"https:\/\/i0.wp.com\/www.mcclaca.org\/wp-content\/uploads\/2021\/05\/RS109281_IMG_2753-lpr.jpg?fit=750%2C500\" alt=\"\" class=\"wp-image-11501\" srcset=\"https:\/\/i0.wp.com\/www.mcclaca.org\/wp-content\/uploads\/2021\/05\/RS109281_IMG_2753-lpr.jpg?w=2000&amp;ssl=1 2000w, https:\/\/i0.wp.com\/www.mcclaca.org\/wp-content\/uploads\/2021\/05\/RS109281_IMG_2753-lpr.jpg?resize=300%2C200&amp;ssl=1 300w, https:\/\/i0.wp.com\/www.mcclaca.org\/wp-content\/uploads\/2021\/05\/RS109281_IMG_2753-lpr.jpg?resize=1024%2C682&amp;ssl=1 1024w, https:\/\/i0.wp.com\/www.mcclaca.org\/wp-content\/uploads\/2021\/05\/RS109281_IMG_2753-lpr.jpg?resize=768%2C512&amp;ssl=1 768w, https:\/\/i0.wp.com\/www.mcclaca.org\/wp-content\/uploads\/2021\/05\/RS109281_IMG_2753-lpr.jpg?resize=1536%2C1024&amp;ssl=1 1536w, https:\/\/i0.wp.com\/www.mcclaca.org\/wp-content\/uploads\/2021\/05\/RS109281_IMG_2753-lpr.jpg?resize=360%2C240&amp;ssl=1 360w, https:\/\/i0.wp.com\/www.mcclaca.org\/wp-content\/uploads\/2021\/05\/RS109281_IMG_2753-lpr.jpg?resize=600%2C400&amp;ssl=1 600w\" sizes=\"(max-width: 750px) 100vw, 750px\" \/><figcaption><em><span style=\"color:#0092ac\" class=\"has-inline-color\">Personas refugiadas buscan apoyo al proyecto de la Iglesia Menonite de Quito. Foto: Annalee Giesbrecht.<\/span><\/em><\/figcaption><\/figure>\n\n\n\n<p class=\"wp-block-paragraph\">\u201cLuz\u201d llega al proyecto para personas refugiadas de la iglesia Menonita de Quito porque alguien le coment\u00f3 que en ese lugar les pod\u00edan ayudar. Al llegar, un amigo fue fundamental porque les invit\u00f3 a la iglesia y les cont\u00f3 que ese era un espacio donde pod\u00edan sentirse a gusto y queridos. Entonces comenz\u00f3 a asistir a talleres sobre anabautismo y de esta manera fue reconciliando su relaci\u00f3n con Dios. Dice que le sirvi\u00f3 para ver a un Jes\u00fas humano, como nosotros, que vivi\u00f3 como nosotros y que pod\u00eda entendernos desde ah\u00ed, que lo que pasa en la vida no cambia el hecho de que Dios es amor y es eso lo que nos mantiene.<\/p>\n\n\n\n<p class=\"wp-block-paragraph\">Ha pasado el tiempo y \u201cLuz\u201d ha encontrado un espacio para desarrollar habilidades diferentes dentro de la iglesia, hacer amigos y amigas y a practicar el amor de Dios desde lo cotidiano.<\/p>\n\n\n\n<p class=\"wp-block-paragraph\">Para terminar le pregunto: \u00bfqu\u00e9 le dir\u00edas a la \u201cLuz\u201d de la Guajira?<br>Su respuesta es la siguiente: \u201cLe dir\u00eda que siga y nunca, nunca se rinda. Que siga porque la vida es bella. Por muy duras que sean las cosas, la vida sigue siendo bonita. Has de tu vida algo bonito, eres la \u00fanica que puede hacerlo\u201d Ha sido una historia de vida muy dif\u00edcil, pero a trav\u00e9s de su testimonio podemos encontrar fortaleza en ser vulnerable. Hoy nos alegramos con su vida, con su risa y su energ\u00eda.<\/p>\n\n\n\n<hr class=\"wp-block-separator\"\/>\n\n\n\n<p class=\"wp-block-paragraph\"><em><em>Francisca Pacheco Alvarado, de Valpara\u00edso, Chile, vive actualmente en la ciudad de Quito, Ecuador, y es la trabajadora de apoyo a refugiados con el proyecto para personas refugiadas de la iglesia Menonita de Quito<\/em><\/em>. <\/p>\n","protected":false},"excerpt":{"rendered":"<p>Esta historia tiene como protagonista a una mujer que por motivos de seguridad hoy llamaremos \u201cLuz\u201d. \u201cLuz\u201d naci\u00f3 en la Guajira, en la Costa caribe de Colombia. Seg\u00fan sus palabras, este es un territorio muy bonito, muy caliente pero muy violento. \u201cLas personas de all\u00e1 son gente amable a la que no le importa incomodarse [&hellip;]<\/p>\n","protected":false},"author":5,"featured_media":11505,"comment_status":"open","ping_status":"open","sticky":false,"template":"","format":"standard","meta":{"nf_dc_page":"","_jetpack_newsletter_access":"","_jetpack_dont_email_post_to_subs":false,"_jetpack_newsletter_tier_id":0,"_jetpack_memberships_contains_paywalled_content":false,"_jetpack_feature_clip_id":0,"_jetpack_memberships_contains_paid_content":false,"footnotes":"","jetpack_publicize_message":"","jetpack_publicize_feature_enabled":true,"jetpack_social_post_already_shared":true,"jetpack_social_options":{"image_generator_settings":{"template":"highway","default_image_id":0,"font":"","enabled":false},"version":2},"jetpack_post_was_ever_published":false},"categories":[439,397,343],"tags":[],"class_list":["post-11508","post","type-post","status-publish","format-standard","has-post-thumbnail","hentry","category-colombia-es","category-incidencia-politica","category-migracion"],"jetpack_publicize_connections":[],"jetpack_sharing_enabled":true,"jetpack_shortlink":"https:\/\/wp.me\/p7pJjQ-2ZC","jetpack-related-posts":[{"id":11234,"url":"https:\/\/www.mcclaca.org\/es\/si-el-racismo-esta-vivo-en-colombia\/","url_meta":{"origin":11508,"position":0},"title":"S\u00ed, el racismo est\u00e1 vivo en Colombia","author":"Admin","date":"2 de octubre de 2020","format":false,"excerpt":"Este art\u00edculo es parte de una serie que trata sobre el racismo en Colombia. Leer m\u00e1s aqu\u00ed. \"No puedo creer lo que dices, porque veo lo que haces\". James Baldwin Por supuesto, el racismo est\u00e1 muy vivo en Colombia. Para conocer su realidad en Colombia, no les pregunte a los\u2026","rel":"","context":"En \u00abColombia\u00bb","block_context":{"text":"Colombia","link":"https:\/\/www.mcclaca.org\/es\/category\/programas\/colombia-es\/"},"img":{"alt_text":"","src":"https:\/\/i0.wp.com\/www.mcclaca.org\/wp-content\/uploads\/2019\/08\/IMG_9561-2-e1601657777883.jpg?fit=1200%2C504&ssl=1&resize=350%2C200","width":350,"height":200,"srcset":"https:\/\/i0.wp.com\/www.mcclaca.org\/wp-content\/uploads\/2019\/08\/IMG_9561-2-e1601657777883.jpg?fit=1200%2C504&ssl=1&resize=350%2C200 1x, https:\/\/i0.wp.com\/www.mcclaca.org\/wp-content\/uploads\/2019\/08\/IMG_9561-2-e1601657777883.jpg?fit=1200%2C504&ssl=1&resize=525%2C300 1.5x, https:\/\/i0.wp.com\/www.mcclaca.org\/wp-content\/uploads\/2019\/08\/IMG_9561-2-e1601657777883.jpg?fit=1200%2C504&ssl=1&resize=700%2C400 2x, https:\/\/i0.wp.com\/www.mcclaca.org\/wp-content\/uploads\/2019\/08\/IMG_9561-2-e1601657777883.jpg?fit=1200%2C504&ssl=1&resize=1050%2C600 3x"},"classes":[]},{"id":11471,"url":"https:\/\/www.mcclaca.org\/es\/iglesias-y-organizaciones-menonitas-responden-a-las-protestas-y-la-violencia-en-colombia\/","url_meta":{"origin":11508,"position":1},"title":"Iglesias y organizaciones Menonitas responden a las protestas y la violencia en Colombia","author":"Admin","date":"11 de mayo de 2021","format":false,"excerpt":"El 28 de abril decenas de miles de colombianos marcharon en una reiteraci\u00f3n renovada del Paro Nacional que hab\u00eda arrancado con fuerza en noviembre del 2019. Con la llegada de la pandemia de COVID-19, el Paro se detuvo, pero las razones de manifestarse aumentaron. Despu\u00e9s de un confinamiento obligatorio de\u2026","rel":"","context":"En \u00abAdvocacy\u00bb","block_context":{"text":"Advocacy","link":"https:\/\/www.mcclaca.org\/category\/advocacy\/"},"img":{"alt_text":"","src":"https:\/\/i0.wp.com\/www.mcclaca.org\/wp-content\/uploads\/2016\/04\/Fotos-de-Nemy-2-e1620752113919.jpeg?fit=1200%2C615&ssl=1&resize=350%2C200","width":350,"height":200,"srcset":"https:\/\/i0.wp.com\/www.mcclaca.org\/wp-content\/uploads\/2016\/04\/Fotos-de-Nemy-2-e1620752113919.jpeg?fit=1200%2C615&ssl=1&resize=350%2C200 1x, https:\/\/i0.wp.com\/www.mcclaca.org\/wp-content\/uploads\/2016\/04\/Fotos-de-Nemy-2-e1620752113919.jpeg?fit=1200%2C615&ssl=1&resize=525%2C300 1.5x, https:\/\/i0.wp.com\/www.mcclaca.org\/wp-content\/uploads\/2016\/04\/Fotos-de-Nemy-2-e1620752113919.jpeg?fit=1200%2C615&ssl=1&resize=700%2C400 2x, https:\/\/i0.wp.com\/www.mcclaca.org\/wp-content\/uploads\/2016\/04\/Fotos-de-Nemy-2-e1620752113919.jpeg?fit=1200%2C615&ssl=1&resize=1050%2C600 3x"},"classes":[]},{"id":11711,"url":"https:\/\/www.mcclaca.org\/es\/detras-de-una-mascarilla-se-esconde-una-mujer-resiliente\/","url_meta":{"origin":11508,"position":2},"title":"Detr\u00e1s de una mascarilla se esconde una mujer resiliente","author":"Admin","date":"10 de junio de 2022","format":false,"excerpt":"No s\u00e9 si a otras personas les sucede lo mismo que a m\u00ed, pero desde que inici\u00f3 la pandemia y empec\u00e9 a conocer personas diferentes, me llamaba mucho la atenci\u00f3n cuando ten\u00eda la oportunidad ver el rostro completo de aquellas personas. Empec\u00e9 a reflexionar sobre qui\u00e9n realmente se escond\u00eda detr\u00e1s\u2026","rel":"","context":"En \u00abHonduras\u00bb","block_context":{"text":"Honduras","link":"https:\/\/www.mcclaca.org\/es\/category\/programas\/honduras-es\/"},"img":{"alt_text":"","src":"https:\/\/i0.wp.com\/www.mcclaca.org\/wp-content\/uploads\/2022\/06\/paul-macallan-yo8jVsFH5Co-unsplash-xtra-small.jpg?fit=1200%2C798&ssl=1&resize=350%2C200","width":350,"height":200,"srcset":"https:\/\/i0.wp.com\/www.mcclaca.org\/wp-content\/uploads\/2022\/06\/paul-macallan-yo8jVsFH5Co-unsplash-xtra-small.jpg?fit=1200%2C798&ssl=1&resize=350%2C200 1x, https:\/\/i0.wp.com\/www.mcclaca.org\/wp-content\/uploads\/2022\/06\/paul-macallan-yo8jVsFH5Co-unsplash-xtra-small.jpg?fit=1200%2C798&ssl=1&resize=525%2C300 1.5x, https:\/\/i0.wp.com\/www.mcclaca.org\/wp-content\/uploads\/2022\/06\/paul-macallan-yo8jVsFH5Co-unsplash-xtra-small.jpg?fit=1200%2C798&ssl=1&resize=700%2C400 2x, https:\/\/i0.wp.com\/www.mcclaca.org\/wp-content\/uploads\/2022\/06\/paul-macallan-yo8jVsFH5Co-unsplash-xtra-small.jpg?fit=1200%2C798&ssl=1&resize=1050%2C600 3x"},"classes":[]},{"id":10959,"url":"https:\/\/www.mcclaca.org\/es\/hay-un-elefante-en-la-sala-hablemos-sobre-el\/","url_meta":{"origin":11508,"position":3},"title":"Hay un elefante en la sala, hablemos sobre \u00e9l","author":"Admin","date":"14 de julio de 2020","format":false,"excerpt":"Este art\u00edculo es parte de una serie que trata sobre el racismo en Colombia.\u00a0Leer m\u00e1s aqu\u00ed. El racismo existe en todos los pa\u00edses y sociedades desde hace varios cientos de a\u00f1os atr\u00e1s. Puede ser que no se exprese de las mismas formas, pero algo que s\u00ed hay en com\u00fan entre\u2026","rel":"","context":"En \u00abAdvocacy\u00bb","block_context":{"text":"Advocacy","link":"https:\/\/www.mcclaca.org\/category\/advocacy\/"},"img":{"alt_text":"","src":"https:\/\/i0.wp.com\/www.mcclaca.org\/wp-content\/uploads\/2020\/07\/WhatsApp-Image-2020-06-24-at-1.35.11-PM-e1594748557183.jpeg?fit=1184%2C918&ssl=1&resize=350%2C200","width":350,"height":200,"srcset":"https:\/\/i0.wp.com\/www.mcclaca.org\/wp-content\/uploads\/2020\/07\/WhatsApp-Image-2020-06-24-at-1.35.11-PM-e1594748557183.jpeg?fit=1184%2C918&ssl=1&resize=350%2C200 1x, https:\/\/i0.wp.com\/www.mcclaca.org\/wp-content\/uploads\/2020\/07\/WhatsApp-Image-2020-06-24-at-1.35.11-PM-e1594748557183.jpeg?fit=1184%2C918&ssl=1&resize=525%2C300 1.5x, https:\/\/i0.wp.com\/www.mcclaca.org\/wp-content\/uploads\/2020\/07\/WhatsApp-Image-2020-06-24-at-1.35.11-PM-e1594748557183.jpeg?fit=1184%2C918&ssl=1&resize=700%2C400 2x, https:\/\/i0.wp.com\/www.mcclaca.org\/wp-content\/uploads\/2020\/07\/WhatsApp-Image-2020-06-24-at-1.35.11-PM-e1594748557183.jpeg?fit=1184%2C918&ssl=1&resize=1050%2C600 3x"},"classes":[]},{"id":12381,"url":"https:\/\/www.mcclaca.org\/voces-de-cambio-sembrando-semillas-de-esperanza-en-latinoamerica-tres-mujeres-tejiendo-futuros-dignos\/","url_meta":{"origin":11508,"position":4},"title":"Voces de Cambio Sembrando Semillas de Esperanza en Latinoam\u00e9rica: Tres Mujeres Tejiendo Futuros Dignos","author":"Admin","date":"31 de marzo de 2025","format":false,"excerpt":"Por: Rebekah York 8 de marzo; un d\u00eda reconocido internacionalmente como el D\u00eda de la Mujer. Un d\u00eda reservado para reconocer el importante lugar que ocupa la mujer en la sociedad hoy en d\u00eda y a lo largo de la historia. Un d\u00eda para conmemorar el modo en que las\u2026","rel":"","context":"En \u00abAdvocacy\u00bb","block_context":{"text":"Advocacy","link":"https:\/\/www.mcclaca.org\/category\/advocacy\/"},"img":{"alt_text":"","src":"https:\/\/i0.wp.com\/www.mcclaca.org\/wp-content\/uploads\/2023\/03\/IMG_5073.jpg?fit=1200%2C800&ssl=1&resize=350%2C200","width":350,"height":200,"srcset":"https:\/\/i0.wp.com\/www.mcclaca.org\/wp-content\/uploads\/2023\/03\/IMG_5073.jpg?fit=1200%2C800&ssl=1&resize=350%2C200 1x, https:\/\/i0.wp.com\/www.mcclaca.org\/wp-content\/uploads\/2023\/03\/IMG_5073.jpg?fit=1200%2C800&ssl=1&resize=525%2C300 1.5x, https:\/\/i0.wp.com\/www.mcclaca.org\/wp-content\/uploads\/2023\/03\/IMG_5073.jpg?fit=1200%2C800&ssl=1&resize=700%2C400 2x, https:\/\/i0.wp.com\/www.mcclaca.org\/wp-content\/uploads\/2023\/03\/IMG_5073.jpg?fit=1200%2C800&ssl=1&resize=1050%2C600 3x"},"classes":[]},{"id":10936,"url":"https:\/\/www.mcclaca.org\/es\/bordo-que-es-un-bordo\/","url_meta":{"origin":11508,"position":5},"title":"\u00bfBordo? \u00bfQu\u00e9 es un bordo?","author":"Admin","date":"7 de julio de 2020","format":false,"excerpt":"Al inicio de mi tiempo de servicio con CCM, ten\u00eda muchas preguntas rondando en mi cabeza. Muchas de ellas me hac\u00edan dudar de mi capacidad para cumplir con mi trabajo. En ese tiempo, de lo \u00fanico que estaba segura era que hab\u00eda tomado una de las mejores decisiones en mi\u2026","rel":"","context":"En \u00abHonduras\u00bb","block_context":{"text":"Honduras","link":"https:\/\/www.mcclaca.org\/es\/category\/programas\/honduras-es\/"},"img":{"alt_text":"","src":"https:\/\/i0.wp.com\/www.mcclaca.org\/wp-content\/uploads\/2020\/07\/WhatsApp-Image-2020-06-19-at-2.28.42-PM-1.jpeg?fit=900%2C1200&ssl=1&resize=350%2C200","width":350,"height":200,"srcset":"https:\/\/i0.wp.com\/www.mcclaca.org\/wp-content\/uploads\/2020\/07\/WhatsApp-Image-2020-06-19-at-2.28.42-PM-1.jpeg?fit=900%2C1200&ssl=1&resize=350%2C200 1x, https:\/\/i0.wp.com\/www.mcclaca.org\/wp-content\/uploads\/2020\/07\/WhatsApp-Image-2020-06-19-at-2.28.42-PM-1.jpeg?fit=900%2C1200&ssl=1&resize=525%2C300 1.5x, https:\/\/i0.wp.com\/www.mcclaca.org\/wp-content\/uploads\/2020\/07\/WhatsApp-Image-2020-06-19-at-2.28.42-PM-1.jpeg?fit=900%2C1200&ssl=1&resize=700%2C400 2x"},"classes":[]}],"jetpack_featured_media_url":"https:\/\/i0.wp.com\/www.mcclaca.org\/wp-content\/uploads\/2021\/05\/ian-kiragu-GSh_PwsZsPQ-unsplash-hdr.jpg?fit=1500%2C695&ssl=1","_links":{"self":[{"href":"https:\/\/www.mcclaca.org\/es\/wp-json\/wp\/v2\/posts\/11508","targetHints":{"allow":["GET"]}}],"collection":[{"href":"https:\/\/www.mcclaca.org\/es\/wp-json\/wp\/v2\/posts"}],"about":[{"href":"https:\/\/www.mcclaca.org\/es\/wp-json\/wp\/v2\/types\/post"}],"author":[{"embeddable":true,"href":"https:\/\/www.mcclaca.org\/es\/wp-json\/wp\/v2\/users\/5"}],"replies":[{"embeddable":true,"href":"https:\/\/www.mcclaca.org\/es\/wp-json\/wp\/v2\/comments?post=11508"}],"version-history":[{"count":3,"href":"https:\/\/www.mcclaca.org\/es\/wp-json\/wp\/v2\/posts\/11508\/revisions"}],"predecessor-version":[{"id":11512,"href":"https:\/\/www.mcclaca.org\/es\/wp-json\/wp\/v2\/posts\/11508\/revisions\/11512"}],"wp:featuredmedia":[{"embeddable":true,"href":"https:\/\/www.mcclaca.org\/es\/wp-json\/wp\/v2\/media\/11505"}],"wp:attachment":[{"href":"https:\/\/www.mcclaca.org\/es\/wp-json\/wp\/v2\/media?parent=11508"}],"wp:term":[{"taxonomy":"category","embeddable":true,"href":"https:\/\/www.mcclaca.org\/es\/wp-json\/wp\/v2\/categories?post=11508"},{"taxonomy":"post_tag","embeddable":true,"href":"https:\/\/www.mcclaca.org\/es\/wp-json\/wp\/v2\/tags?post=11508"}],"curies":[{"name":"wp","href":"https:\/\/api.w.org\/{rel}","templated":true}]}}