{"id":11542,"date":"2021-06-03T11:03:50","date_gmt":"2021-06-03T16:03:50","guid":{"rendered":"http:\/\/www.mcclaca.org\/?p=11542\/"},"modified":"2021-06-03T11:08:08","modified_gmt":"2021-06-03T16:08:08","slug":"tejidos-mayas-los-libros-que-no-pudieron-quemar","status":"publish","type":"post","link":"https:\/\/www.mcclaca.org\/es\/tejidos-mayas-los-libros-que-no-pudieron-quemar\/","title":{"rendered":"Tejidos Mayas: los libros que no pudieron quemar"},"content":{"rendered":"\n<p class=\"wp-block-paragraph\">La ignorancia es una bendici\u00f3n. Lo digo muy en serio. La ignorancia te permite visitar lugares como el <a href=\"https:\/\/museoixchel.com\/inicio\" target=\"_blank\" rel=\"noreferrer noopener\">Museo Ixchel del Traje Ind\u00edgena<\/a> y salir maravillado e inspirado con la belleza de los <a href=\"https:\/\/www.google.com\/search?q=huipil+tradicional+guatemala&amp;tbm=isch&amp;ved=2ahUKEwj0pI7l6fvwAhVPs6wKHc4PAJsQ2-cCegQIABAA&amp;oq=huipil+tradicional+guatemala&amp;gs_lcp=CgNpbWcQAzoICAAQCBAHEB46BggAEAcQHlC0E1ilGmDhG2gAcAB4AYAB4wGIAbYKkgEFOC4zLjGYAQCgAQGqAQtnd3Mtd2l6LWltZ8ABAQ&amp;sclient=img&amp;ei=kfu4YLSYKc_msgXOn4DYCQ&amp;bih=553&amp;biw=1280&amp;rlz=1C1GGRV_enMX859MX859\" target=\"_blank\" rel=\"noreferrer noopener\">huipiles<\/a>, <a href=\"https:\/\/www.pinterest.cl\/IndiGeniasChile\/cortes\/\" target=\"_blank\" rel=\"noreferrer noopener\">cortes <\/a>y dem\u00e1s textiles en su colecci\u00f3n. La bendici\u00f3n de la ignorancia har\u00eda que celebres el hecho que este museo est\u00e1 ubicado dentro del campus de una de las universidades m\u00e1s prestigiosas y caras de la ciudad de Guatemala. La ignorancia te dir\u00eda que el Museo Ixchel es un monumento a la pluriculturalidad de Guatemala demostrada por sus exhibiciones que exaltan la diversidad y belleza de los tejidos ind\u00edgenas.<\/p>\n\n\n\n<p class=\"wp-block-paragraph\">Digo todo esto porque, si no hubiese sido por la conversaci\u00f3n que tuvimos con Angelina Aspuac, representante de la <a rel=\"noreferrer noopener\" href=\"https:\/\/mujeresdeafedes.wordpress.com\/\" target=\"_blank\">Asociaci\u00f3n Femenina para el Desarrollo de Sacatep\u00e9quez (AFEDES)<\/a> y del <a rel=\"noreferrer noopener\" href=\"https:\/\/www.facebook.com\/AfedesSacatepequez\/\" target=\"_blank\">Movimiento Nacional de Tejedoras<\/a>, yo hubiese entrado y salido del Museo Ixchel celebrando su hermosa colecci\u00f3n. Lastimosamente, el Museo Ixchel es como una salchicha. Si de verdad quieres disfrutarlo, es mejor no saber de qu\u00e9 est\u00e1 hecho.<\/p>\n\n\n\n<p class=\"wp-block-paragraph\">\u201cLos museos deber\u00edan resguardar. En vez de eso est\u00e1n plagiando y robando nuestros dise\u00f1os. Luego cobran la entrada y se lucran de nuestro arte,\u201d nos dijo Angelina cuando habl\u00f3 con el grupo de Seeders durante nuestra orientaci\u00f3n de pa\u00eds.<\/p>\n\n\n\n<figure class=\"wp-block-image\"><img decoding=\"async\" src=\"https:\/\/i0.wp.com\/www.mcclaca.org\/wp-content\/uploads\/2021\/06\/IMG_8001-scaled.jpg?zoom=1.5&amp;fit=750%2C505\" alt=\"This image has an empty alt attribute; its file name is IMG_8001-scaled.jpg\"\/><figcaption><em><span style=\"color:#0092ac\" class=\"has-inline-color\">Un ejemplo de los tejidos en exposici\u00f3n en el Museo Ixchel. Foto: Annalee Giesbrecht<\/span><\/em><\/figcaption><\/figure>\n\n\n\n<p class=\"wp-block-paragraph\">Nuestra pl\u00e1tica con Angelina y la consecuente visita al Museo Ixchel esa misma tarde me dio mucho para pensar y reflexionar. Me di cuenta que a los esfuerzos de descolonizar nuestra percepci\u00f3n y apreciaci\u00f3n del arte a\u00fan le queda mucho camino por recorrer. Digno de el modelo invasor y colonialista del siglo XVI, los tejidos mayas han sido extra\u00eddos, folklorizados o apropiados para evitar darle cr\u00e9dito a las due\u00f1as de un arte que a\u00fan sigue vivo, exhibidos en una vitrina y, por si fuera poco, se cobran entradas a quien quiera verlos.<\/p>\n\n\n\n<p class=\"wp-block-paragraph\">Los tejidos mayas son dignos de un museo. El arte en estas piezas comienza desde la recolecci\u00f3n de los materiales para su creaci\u00f3n, hasta el \u00faltimo bordado que completa el patr\u00f3n de un huipil. No hay nada de malo en querer preservar la historia y en publicitar la belleza de estos tejidos. El problema es cuando olvidas que a cada dise\u00f1o le acompa\u00f1a el esfuerzo, legado ancestral e identidad de una mujer maya. Cada huipil y corte es sin\u00f3nimo del sustento familiar, jornadas de trabajo, dolores de espalda, orgullo, creatividad y honor de las comunidades mayas.<\/p>\n\n\n\n<div class=\"wp-block-image\"><figure class=\"alignleft is-resized\"><img fetchpriority=\"high\" decoding=\"async\" src=\"https:\/\/i0.wp.com\/www.mcclaca.org\/wp-content\/uploads\/2021\/06\/IMG_7995-1-scaled.jpg?zoom=1.5&amp;fit=750%2C1000\" alt=\"This image has an empty alt attribute; its file name is IMG_7995-1-scaled.jpg\" width=\"375\" height=\"500\"\/><\/figure><\/div>\n\n\n\n<p class=\"wp-block-paragraph\">Las mujeres tejedoras libran una lucha d\u00eda tras d\u00eda por reivindicar su arte y por mantener viva y viable su herencia ancestral. Sus huipiles y sus cortes son lienzos. Lienzos que en cada hebra guardan siglos de historia. Lienzos que hablan de la rebeld\u00eda de un pueblo que se reh\u00fasa a sucumbir ante la opresi\u00f3n occidental.&nbsp;<\/p>\n\n\n\n<p class=\"wp-block-paragraph\">Despu\u00e9s de m\u00e1s de 500 a\u00f1os desde la invasi\u00f3n europea, existen agentes extranjeros que buscan sacar provecho y despojar a las mujeres mayas de su arte. Angelina nos cont\u00f3 que dise\u00f1adores extranjeros hab\u00edan aprovechado la hospitalidad y la necesidad de las mujeres tejedoras para despojarlas de sus dise\u00f1os. Estos dise\u00f1adores compraron piezas creadas por mujeres mayas y luego registraron los dise\u00f1os y patrones como su propiedad intelectual. Las leyes de propiedad intelectual les permitieron a estos extranjeros apropiarse de siglos de historia y del legado ancestral de las mujeres tejedoras. Aun as\u00ed, estos abusos no son suficientes para que el gobierno de un pa\u00eds pluricultural donde casi la mitad de su poblaci\u00f3n se identifica como ind\u00edgena y que se promociona como \u201cel coraz\u00f3n del mundo maya\u201d tome acciones reales y concretas para evitar que la propiedad ancestral de sus comunidades maya sea saqueada.<\/p>\n\n\n\n<p class=\"wp-block-paragraph\">Por una parte est\u00e1n los robos protegidos por las leyes de propiedad intelectual, las cuales Angelina describe como \u201cuna aberraci\u00f3n. \u201cA esto se le suma la pobreza y necesidad que impera en las comunidades ind\u00edgenas que les obliga a vender sus piezas. Angelina nos contaba que muchas veces estas piezas terminan en manos de empresas textiles que las reproducen en masa para comercializarlas. Esto es terriblemente da\u00f1ino para las comunidades de mujeres tejedoras ya que denigra el significado detr\u00e1s de las piezas sin mencionar las consecuencias econ\u00f3micas como la depreciaci\u00f3n de los huipiles.&nbsp;<\/p>\n\n\n\n<figure class=\"wp-block-image\"><img decoding=\"async\" src=\"https:\/\/i1.wp.com\/www.mcclaca.org\/wp-content\/uploads\/2021\/06\/RS83418_IMG_9632-lpr.jpg?zoom=1.5&amp;fit=750%2C500\" alt=\"This image has an empty alt attribute; its file name is RS83418_IMG_9632-lpr.jpg\"\/><figcaption><em><span style=\"color:#0092ac\" class=\"has-inline-color\">Los textiles se tejen en la comunidad Maya Mam de Zapote, Guatemala, con el socio de CCM Pastoral de la Tierra. Foto CCM\/Anna Vogt.<\/span><\/em><\/figcaption><\/figure>\n\n\n\n<p class=\"wp-block-paragraph\">\u201cLas empresas aprovechan la hospitalidad de los pueblos ind\u00edgenas para enriquecerse. Entran a nuestros pueblos y despu\u00e9s, sin permiso, utilizan nuestra imagen para publicitar sus productos. Estos abusos desincentivan a las mujeres tejedoras,\u201d nos dec\u00eda Angelina.<\/p>\n\n\n\n<p class=\"wp-block-paragraph\">El Museo Ixchel no es ajeno a estos abusos. Angelina nos contaba como muchas de las piezas exhibidas en el museo fueron compradas a mujeres ind\u00edgenas que las vendieron por necesidad y desesperaci\u00f3n. Otras piezas exhibidas en el museo fueron fabricadas con m\u00e1quinas y compradas a empresas ajenas a las comunidades de mujeres tejedoras.<\/p>\n\n\n\n<p class=\"wp-block-paragraph\">Pocas horas despu\u00e9s de haber conversado con Angelina, visitamos el Museo Ixchel. No voy a negar el valor educativo de la visita. Fue interesante ver una colecci\u00f3n bien documentada que junta cada pieza textil con su comunidad de origen. Al mismo tiempo, la pl\u00e1tica con Angelina me invitaba a ver el museo desde la perspectiva de las mujeres tejedoras. Observ\u00e9 c\u00f3mo cada maniqu\u00ed sin rostro modelaba los huipiles y los cortes. Algunos de estos maniqu\u00edes estaban posicionados para demostrar la vida diaria de las personas que en alg\u00fan momento portaron estas ropas. Pero las historias y los rostros de las mujeres que crearon estas piezas de arte estaban ausentes. Los testimonios y relatos de las mujeres mayas no estaban all\u00ed. Sus cuerpos fueron reemplazados por maniqu\u00edes sin rostro y sus historias se disiparon en la bruma de la folklorizaci\u00f3n que las convirti\u00f3 en relatos generales, como quien dice si quiere aprender de esto l\u00e9alo en los libros de historia de Guatemala. Observ\u00e9 que el prop\u00f3sito de este museo era admirar el arte sin dar cr\u00e9dito a las artistas.<\/p>\n\n\n\n<figure class=\"wp-block-image\"><img decoding=\"async\" src=\"https:\/\/i0.wp.com\/www.mcclaca.org\/wp-content\/uploads\/2021\/06\/RS66167_GTM2016_ANADESA_ml1662-lpr.jpg?zoom=1.5&amp;fit=750%2C501\" alt=\"This image has an empty alt attribute; its file name is RS66167_GTM2016_ANADESA_ml1662-lpr.jpg\"\/><figcaption><em><span style=\"color:#0092ac\" class=\"has-inline-color\">R-L Concepci\u00f3n Ram\u00edrez Ram\u00edrez, Mar\u00eda Ram\u00edrez Ram\u00edrez y Dolores Ram\u00edrez bordan joyas en su casa de Panabaj, Guatemala. Las tres hermanas participan activamente en ANADESA, socio de CCM. MCC photo\/Matthew Lester<\/span><\/em><\/figcaption><\/figure>\n\n\n\n<p class=\"wp-block-paragraph\">\u201cLos tejidos mayas son los libros que la colonia no pudo quemar.\u201d De todas las cosas que nos dijo Angelina esa ma\u00f1ana esta era la frase que m\u00e1s eco hace en mi cabeza cada vez que veo un huipil. Estos libros se siguen escribiendo en los talleres y en los patios de mujeres mayas. Las escritoras de estos libros viven entre nosotros y sus historias son importantes. Su arte es importante. La ignorancia es bendici\u00f3n para las personas que quieren servirse del arte sin acreditar al artista. Pero para nosotros, que hemos tenido la dicha de sentarnos a platicar con Angelina o con cualquier otro miembro de organizaciones como AFEDES o el Movimiento Nacional de Tejedoras, la bendici\u00f3n es conocer las caras y las historias de las mujeres tejedoras. La bendici\u00f3n es pagar un precio justo por su trabajo.&nbsp; La bendici\u00f3n es acompa\u00f1arlas en su lucha por la reivindicaci\u00f3n de su arte.<\/p>\n\n\n\n<p class=\"wp-block-paragraph\">Cierro con esto que dijo Angelina, que me recuerda por qu\u00e9 la causa de las mujeres tejedoras es digna y merecedora de todo nuestro apoyo. \u201cLa lucha por los textiles es parte de esa lucha de las mujeres mayas para proteger nuestro territorio. El movimiento tejedor no existe solo para defender nuestros tejidos, tambi\u00e9n existe para promover el buen vivir.\u201d<\/p>\n\n\n\n<hr class=\"wp-block-separator\"\/>\n\n\n\n<p class=\"wp-block-paragraph\"><em>Foto de cabecera: Fotograf\u00eda de detalle del trabajo de bordado de Juana Chiquival Sosof. Sosof, miembro del programa Mujeres Proactivas de ANADESA, recibe en su casa a los visitantes que vienen a trabajar o a aprender del socio de CCM, ANADESA. Foto del CCM\/Matthew Lester.<\/em><\/p>\n\n\n\n<p class=\"wp-block-paragraph\"><em><em>Jose Ricardo Salinas Reyes es participante en el programa de Seed en Guatemala trabajando como Facilitador de Comunicaci\u00f3n Social con la Pastoral de La Tierra del Obispado de San Marcos. Es originario de Tegucigalpa Honduras y miembro de la Iglesia de Cristo.<\/em><\/em><\/p>\n","protected":false},"excerpt":{"rendered":"<p>La ignorancia es una bendici\u00f3n. Lo digo muy en serio. La ignorancia te permite visitar lugares como el Museo Ixchel del Traje Ind\u00edgena y salir maravillado e inspirado con la belleza de los huipiles, cortes y dem\u00e1s textiles en su colecci\u00f3n. La bendici\u00f3n de la ignorancia har\u00eda que celebres el hecho que este museo est\u00e1 [&hellip;]<\/p>\n","protected":false},"author":5,"featured_media":11534,"comment_status":"open","ping_status":"open","sticky":false,"template":"","format":"standard","meta":{"nf_dc_page":"","_jetpack_newsletter_access":"","_jetpack_dont_email_post_to_subs":false,"_jetpack_newsletter_tier_id":0,"_jetpack_memberships_contains_paywalled_content":false,"_jetpack_feature_clip_id":0,"_jetpack_memberships_contains_paid_content":false,"footnotes":"","jetpack_publicize_message":"","jetpack_publicize_feature_enabled":true,"jetpack_social_post_already_shared":true,"jetpack_social_options":{"image_generator_settings":{"template":"highway","default_image_id":0,"font":"","enabled":false},"version":2},"jetpack_post_was_ever_published":false},"categories":[437,397,482],"tags":[],"class_list":["post-11542","post","type-post","status-publish","format-standard","has-post-thumbnail","hentry","category-guatemala-es","category-incidencia-politica","category-semilla"],"jetpack_publicize_connections":[],"jetpack_sharing_enabled":true,"jetpack_shortlink":"https:\/\/wp.me\/p7pJjQ-30a","jetpack-related-posts":[{"id":10698,"url":"https:\/\/www.mcclaca.org\/dreaming-of-a-better-life\/","url_meta":{"origin":11542,"position":0},"title":"Dreaming of a Better Life","author":"Admin","date":"17 de marzo de 2020","format":false,"excerpt":"When one spends two intense weeks driving around Honduras and Guatemala visiting MCC partners who are working with migrants, it\u2019s inspiring and troubling. It\u2019s inspiring to meet with and hear the stories of people who are actively living out the call of Christ to care for vulnerable people. It\u2019s troubling\u2026","rel":"","context":"En \u00abAdvocacy\u00bb","block_context":{"text":"Advocacy","link":"https:\/\/www.mcclaca.org\/category\/advocacy\/"},"img":{"alt_text":"","src":"https:\/\/i0.wp.com\/www.mcclaca.org\/wp-content\/uploads\/2019\/02\/IMG_2077.jpg?fit=1200%2C800&ssl=1&resize=350%2C200","width":350,"height":200,"srcset":"https:\/\/i0.wp.com\/www.mcclaca.org\/wp-content\/uploads\/2019\/02\/IMG_2077.jpg?fit=1200%2C800&ssl=1&resize=350%2C200 1x, https:\/\/i0.wp.com\/www.mcclaca.org\/wp-content\/uploads\/2019\/02\/IMG_2077.jpg?fit=1200%2C800&ssl=1&resize=525%2C300 1.5x, https:\/\/i0.wp.com\/www.mcclaca.org\/wp-content\/uploads\/2019\/02\/IMG_2077.jpg?fit=1200%2C800&ssl=1&resize=700%2C400 2x, https:\/\/i0.wp.com\/www.mcclaca.org\/wp-content\/uploads\/2019\/02\/IMG_2077.jpg?fit=1200%2C800&ssl=1&resize=1050%2C600 3x"},"classes":[]},{"id":11981,"url":"https:\/\/www.mcclaca.org\/es\/caminando-juntos-recuerdos-del-encuentro-de-pueblos-indigenas-2022-de-ccm-laca\/","url_meta":{"origin":11542,"position":1},"title":"CAMINANDO JUNTOS: RECUERDOS DEL ENCUENTRO DE PUEBLOS IND\u00cdGENAS 2022 DE CCM LACA","author":"Admin","date":"12 de octubre de 2022","format":false,"excerpt":"En 1491, el territorio que ahora llamamos las Am\u00e9ricas estaba lleno de comunidades con muchos colores y sonidos de arte floreciente, con producci\u00f3n de alimentos muy sofisticada y diversa, con sistemas y alianzas pol\u00edticos complejos, con caminos de intercambio cruzando las cordilleras del continente. Con la llegada de los europeos,\u2026","rel":"","context":"En \u00abBolivia\u00bb","block_context":{"text":"Bolivia","link":"https:\/\/www.mcclaca.org\/es\/category\/programas\/bolivia-es\/"},"img":{"alt_text":"","src":"https:\/\/i0.wp.com\/www.mcclaca.org\/wp-content\/uploads\/2022\/09\/IMG_8284-1-scaled.jpg?fit=1200%2C800&ssl=1&resize=350%2C200","width":350,"height":200,"srcset":"https:\/\/i0.wp.com\/www.mcclaca.org\/wp-content\/uploads\/2022\/09\/IMG_8284-1-scaled.jpg?fit=1200%2C800&ssl=1&resize=350%2C200 1x, https:\/\/i0.wp.com\/www.mcclaca.org\/wp-content\/uploads\/2022\/09\/IMG_8284-1-scaled.jpg?fit=1200%2C800&ssl=1&resize=525%2C300 1.5x, https:\/\/i0.wp.com\/www.mcclaca.org\/wp-content\/uploads\/2022\/09\/IMG_8284-1-scaled.jpg?fit=1200%2C800&ssl=1&resize=700%2C400 2x, https:\/\/i0.wp.com\/www.mcclaca.org\/wp-content\/uploads\/2022\/09\/IMG_8284-1-scaled.jpg?fit=1200%2C800&ssl=1&resize=1050%2C600 3x"},"classes":[]},{"id":12155,"url":"https:\/\/www.mcclaca.org\/moving-forward-in-the-midst-of-sorrow\/","url_meta":{"origin":11542,"position":2},"title":"Moving Forward in the Midst of Sorrow","author":"Admin","date":"22 de mayo de 2023","format":false,"excerpt":"One of the things that haunts me most at Casa del Migrante \u2018Scalabrini\u2019 -\u00a0 Guatemala (CdMSG) is the journey ahead that people traveling north will encounter as they leave CdMSG, continue through Mexico, and arrive at the U.S. border. Migrants in transit have already embarked on a treacherous path, hiking\u2026","rel":"","context":"En \u00abAdvocacy\u00bb","block_context":{"text":"Advocacy","link":"https:\/\/www.mcclaca.org\/category\/advocacy\/"},"img":{"alt_text":"","src":"https:\/\/i0.wp.com\/www.mcclaca.org\/wp-content\/uploads\/2023\/05\/RS123943_0Z8A0841-lpr.jpg?fit=1200%2C800&ssl=1&resize=350%2C200","width":350,"height":200,"srcset":"https:\/\/i0.wp.com\/www.mcclaca.org\/wp-content\/uploads\/2023\/05\/RS123943_0Z8A0841-lpr.jpg?fit=1200%2C800&ssl=1&resize=350%2C200 1x, https:\/\/i0.wp.com\/www.mcclaca.org\/wp-content\/uploads\/2023\/05\/RS123943_0Z8A0841-lpr.jpg?fit=1200%2C800&ssl=1&resize=525%2C300 1.5x, https:\/\/i0.wp.com\/www.mcclaca.org\/wp-content\/uploads\/2023\/05\/RS123943_0Z8A0841-lpr.jpg?fit=1200%2C800&ssl=1&resize=700%2C400 2x, https:\/\/i0.wp.com\/www.mcclaca.org\/wp-content\/uploads\/2023\/05\/RS123943_0Z8A0841-lpr.jpg?fit=1200%2C800&ssl=1&resize=1050%2C600 3x"},"classes":[]},{"id":12171,"url":"https:\/\/www.mcclaca.org\/es\/seguir-adelante-en-medio-de-la-pesadumbre\/","url_meta":{"origin":11542,"position":3},"title":"Seguir adelante en medio de la pesadumbre","author":"Admin","date":"22 de mayo de 2023","format":false,"excerpt":"Una de las cosas que m\u00e1s me persiguen en Casa del Migrante \u2018Scalabrini\u2019 - Guatemala (CdMSG) es el camino por venir que las personas viajando hacia el norte van a encontrar mientras salgan CdMSG, contin\u00faen su trayecto por M\u00e9xico y lleguen a la frontera con los Estados Unidos. Los migrantes\u2026","rel":"","context":"En \u00abGuatemala\u00bb","block_context":{"text":"Guatemala","link":"https:\/\/www.mcclaca.org\/es\/category\/programas\/guatemala-es\/"},"img":{"alt_text":"","src":"https:\/\/i0.wp.com\/www.mcclaca.org\/wp-content\/uploads\/2023\/05\/RS123943_0Z8A0841-lpr.jpg?fit=1200%2C800&ssl=1&resize=350%2C200","width":350,"height":200,"srcset":"https:\/\/i0.wp.com\/www.mcclaca.org\/wp-content\/uploads\/2023\/05\/RS123943_0Z8A0841-lpr.jpg?fit=1200%2C800&ssl=1&resize=350%2C200 1x, https:\/\/i0.wp.com\/www.mcclaca.org\/wp-content\/uploads\/2023\/05\/RS123943_0Z8A0841-lpr.jpg?fit=1200%2C800&ssl=1&resize=525%2C300 1.5x, https:\/\/i0.wp.com\/www.mcclaca.org\/wp-content\/uploads\/2023\/05\/RS123943_0Z8A0841-lpr.jpg?fit=1200%2C800&ssl=1&resize=700%2C400 2x, https:\/\/i0.wp.com\/www.mcclaca.org\/wp-content\/uploads\/2023\/05\/RS123943_0Z8A0841-lpr.jpg?fit=1200%2C800&ssl=1&resize=1050%2C600 3x"},"classes":[]},{"id":11516,"url":"https:\/\/www.mcclaca.org\/maya-textiles-the-books-they-couldnt-burn\/","url_meta":{"origin":11542,"position":4},"title":"Maya Textiles: The Books They Couldn&#8217;t Burn","author":"Admin","date":"3 de junio de 2021","format":false,"excerpt":"Ignorance is a blessing. I really mean that. Ignorance allows us to visit places like the Ixchel Museum of Indigenous Textiles and Clothing and leave marveling at the beauty of the huipiles, cortes, and other textiles in its collection. It allows us to celebrate the fact that this museum is\u2026","rel":"","context":"En \u00abAdvocacy\u00bb","block_context":{"text":"Advocacy","link":"https:\/\/www.mcclaca.org\/category\/advocacy\/"},"img":{"alt_text":"","src":"https:\/\/i0.wp.com\/www.mcclaca.org\/wp-content\/uploads\/2021\/06\/RS66338_GTM2016_ANADESA_ml1833-lpr.jpg?fit=1200%2C801&ssl=1&resize=350%2C200","width":350,"height":200,"srcset":"https:\/\/i0.wp.com\/www.mcclaca.org\/wp-content\/uploads\/2021\/06\/RS66338_GTM2016_ANADESA_ml1833-lpr.jpg?fit=1200%2C801&ssl=1&resize=350%2C200 1x, https:\/\/i0.wp.com\/www.mcclaca.org\/wp-content\/uploads\/2021\/06\/RS66338_GTM2016_ANADESA_ml1833-lpr.jpg?fit=1200%2C801&ssl=1&resize=525%2C300 1.5x, https:\/\/i0.wp.com\/www.mcclaca.org\/wp-content\/uploads\/2021\/06\/RS66338_GTM2016_ANADESA_ml1833-lpr.jpg?fit=1200%2C801&ssl=1&resize=700%2C400 2x, https:\/\/i0.wp.com\/www.mcclaca.org\/wp-content\/uploads\/2021\/06\/RS66338_GTM2016_ANADESA_ml1833-lpr.jpg?fit=1200%2C801&ssl=1&resize=1050%2C600 3x"},"classes":[]},{"id":11916,"url":"https:\/\/www.mcclaca.org\/walking-together-notes-from-mcc-lacas-2022-indigenous-peoples-encounter\/","url_meta":{"origin":11542,"position":5},"title":"Walking Together: Notes from MCC LACA&#8217;s 2022 Indigenous Peoples Encounter","author":"Admin","date":"10 de octubre de 2022","format":false,"excerpt":"In 1491, the territory that we now call the Americas was full of communities of many colours and sounds, of flourishing art, with sophisticated and diverse food production and complex political systems and alliances, with exchange routes crossing the mountain ranges of the continent. After European colonizers arrived in 1492,\u2026","rel":"","context":"En \u00abAdvocacy\u00bb","block_context":{"text":"Advocacy","link":"https:\/\/www.mcclaca.org\/category\/advocacy\/"},"img":{"alt_text":"","src":"https:\/\/i0.wp.com\/www.mcclaca.org\/wp-content\/uploads\/2022\/09\/IMG_8284-1-scaled.jpg?fit=1200%2C800&ssl=1&resize=350%2C200","width":350,"height":200,"srcset":"https:\/\/i0.wp.com\/www.mcclaca.org\/wp-content\/uploads\/2022\/09\/IMG_8284-1-scaled.jpg?fit=1200%2C800&ssl=1&resize=350%2C200 1x, https:\/\/i0.wp.com\/www.mcclaca.org\/wp-content\/uploads\/2022\/09\/IMG_8284-1-scaled.jpg?fit=1200%2C800&ssl=1&resize=525%2C300 1.5x, https:\/\/i0.wp.com\/www.mcclaca.org\/wp-content\/uploads\/2022\/09\/IMG_8284-1-scaled.jpg?fit=1200%2C800&ssl=1&resize=700%2C400 2x, https:\/\/i0.wp.com\/www.mcclaca.org\/wp-content\/uploads\/2022\/09\/IMG_8284-1-scaled.jpg?fit=1200%2C800&ssl=1&resize=1050%2C600 3x"},"classes":[]}],"jetpack_featured_media_url":"https:\/\/i0.wp.com\/www.mcclaca.org\/wp-content\/uploads\/2021\/06\/RS66338_GTM2016_ANADESA_ml1833-lpr.jpg?fit=2000%2C1335&ssl=1","_links":{"self":[{"href":"https:\/\/www.mcclaca.org\/es\/wp-json\/wp\/v2\/posts\/11542","targetHints":{"allow":["GET"]}}],"collection":[{"href":"https:\/\/www.mcclaca.org\/es\/wp-json\/wp\/v2\/posts"}],"about":[{"href":"https:\/\/www.mcclaca.org\/es\/wp-json\/wp\/v2\/types\/post"}],"author":[{"embeddable":true,"href":"https:\/\/www.mcclaca.org\/es\/wp-json\/wp\/v2\/users\/5"}],"replies":[{"embeddable":true,"href":"https:\/\/www.mcclaca.org\/es\/wp-json\/wp\/v2\/comments?post=11542"}],"version-history":[{"count":5,"href":"https:\/\/www.mcclaca.org\/es\/wp-json\/wp\/v2\/posts\/11542\/revisions"}],"predecessor-version":[{"id":11549,"href":"https:\/\/www.mcclaca.org\/es\/wp-json\/wp\/v2\/posts\/11542\/revisions\/11549"}],"wp:featuredmedia":[{"embeddable":true,"href":"https:\/\/www.mcclaca.org\/es\/wp-json\/wp\/v2\/media\/11534"}],"wp:attachment":[{"href":"https:\/\/www.mcclaca.org\/es\/wp-json\/wp\/v2\/media?parent=11542"}],"wp:term":[{"taxonomy":"category","embeddable":true,"href":"https:\/\/www.mcclaca.org\/es\/wp-json\/wp\/v2\/categories?post=11542"},{"taxonomy":"post_tag","embeddable":true,"href":"https:\/\/www.mcclaca.org\/es\/wp-json\/wp\/v2\/tags?post=11542"}],"curies":[{"name":"wp","href":"https:\/\/api.w.org\/{rel}","templated":true}]}}