{"id":11558,"date":"2021-07-19T11:34:43","date_gmt":"2021-07-19T16:34:43","guid":{"rendered":"http:\/\/www.mcclaca.org\/?p=11558\/"},"modified":"2022-02-10T11:07:13","modified_gmt":"2022-02-10T17:07:13","slug":"tour-virtual-de-mcc-colombia-ecuador","status":"publish","type":"post","link":"https:\/\/www.mcclaca.org\/es\/tour-virtual-de-mcc-colombia-ecuador\/","title":{"rendered":"Tour virtual de MCC Colombia-Ecuador"},"content":{"rendered":"\n<p class=\"wp-block-paragraph\">\u00a1Bienvenidos al tour virtual de MCC Colombia-Ecuador! Debido a la pandemia, no podemos recibirles en persona para visitar nuestro programa y que conozcan a nuestros socios, pero eso no significa que no haya muchas cosas esperanzadoras e inspiradoras sucediendo en este momento en las diferentes comunidades que acompanamos. Esperamos que disfruten de este viaje virtual y que aprendan del trabajo hol\u00edstico de construcci\u00f3n de la paz de nuestros socios.<\/p>\n\n\n\n<iframe src=\"https:\/\/uploads.knightlab.com\/storymapjs\/e21b65a097f3ec2dafdf751b25abf14f\/ccm-colombia-ecuador\/index.html\" frameborder=\"0\" width=\"100%\" height=\"800\"><\/iframe>\n\n\n\n<p class=\"wp-block-paragraph\"><\/p>\n","protected":false},"excerpt":{"rendered":"<p>\u00a1Bienvenidos al tour virtual de MCC Colombia-Ecuador! Debido a la pandemia, no podemos recibirles en persona para visitar nuestro programa y que conozcan a nuestros socios, pero eso no significa que no haya muchas cosas esperanzadoras e inspiradoras sucediendo en este momento en las diferentes comunidades que acompanamos. Esperamos que disfruten de este viaje virtual [&hellip;]<\/p>\n","protected":false},"author":5,"featured_media":11556,"comment_status":"closed","ping_status":"closed","sticky":false,"template":"","format":"standard","meta":{"nf_dc_page":"","_jetpack_newsletter_access":"","_jetpack_dont_email_post_to_subs":false,"_jetpack_newsletter_tier_id":0,"_jetpack_memberships_contains_paywalled_content":false,"_jetpack_feature_clip_id":0,"_jetpack_memberships_contains_paid_content":false,"footnotes":"","jetpack_publicize_message":"","jetpack_publicize_feature_enabled":true,"jetpack_social_post_already_shared":true,"jetpack_social_options":{"image_generator_settings":{"template":"highway","default_image_id":0,"font":"","enabled":false},"version":2},"jetpack_post_was_ever_published":false},"categories":[327,5,328],"tags":[],"class_list":["post-11558","post","type-post","status-publish","format-standard","has-post-thumbnail","hentry","category-advocacy","category-colombia","category-learning-tours"],"jetpack_publicize_connections":[],"jetpack_sharing_enabled":true,"jetpack_shortlink":"https:\/\/wp.me\/p7pJjQ-30q","jetpack-related-posts":[{"id":11552,"url":"https:\/\/www.mcclaca.org\/mcc-colombia-ecuador-virtual-learning-tour\/","url_meta":{"origin":11558,"position":0},"title":"MCC Colombia-Ecuador Virtual Learning Tour","author":"Admin","date":"19 de julio de 2021","format":false,"excerpt":"Welcome to the MCC Colombia-Ecuador virtual learning tour! Due to the ongoing pandemic, we are unable to welcome you in person to visit our program and partners. But that doesn't mean there aren't lots of hopeful and inspiring things happening on the ground in different communities here. We hope you\u2026","rel":"","context":"En \u00abAdvocacy\u00bb","block_context":{"text":"Advocacy","link":"https:\/\/www.mcclaca.org\/category\/advocacy\/"},"img":{"alt_text":"","src":"https:\/\/i0.wp.com\/www.mcclaca.org\/wp-content\/uploads\/2021\/07\/RS112015_IMG_20210213_164522_891-lpr.jpg?fit=1200%2C900&ssl=1&resize=350%2C200","width":350,"height":200,"srcset":"https:\/\/i0.wp.com\/www.mcclaca.org\/wp-content\/uploads\/2021\/07\/RS112015_IMG_20210213_164522_891-lpr.jpg?fit=1200%2C900&ssl=1&resize=350%2C200 1x, https:\/\/i0.wp.com\/www.mcclaca.org\/wp-content\/uploads\/2021\/07\/RS112015_IMG_20210213_164522_891-lpr.jpg?fit=1200%2C900&ssl=1&resize=525%2C300 1.5x, https:\/\/i0.wp.com\/www.mcclaca.org\/wp-content\/uploads\/2021\/07\/RS112015_IMG_20210213_164522_891-lpr.jpg?fit=1200%2C900&ssl=1&resize=700%2C400 2x, https:\/\/i0.wp.com\/www.mcclaca.org\/wp-content\/uploads\/2021\/07\/RS112015_IMG_20210213_164522_891-lpr.jpg?fit=1200%2C900&ssl=1&resize=1050%2C600 3x"},"classes":[]},{"id":12411,"url":"https:\/\/www.mcclaca.org\/earth-day-2025-cultivating-and-consolidating-peace-in-colombia\/","url_meta":{"origin":11558,"position":1},"title":"Earth Day 2025: Cultivating and consolidating peace in Colombia","author":"Admin","date":"22 de abril de 2025","format":false,"excerpt":"Sembrandopaz is an MCC partner located in the Caribbean region in the north of Colombia, working in the 15 municipalities of the sub-region of Montes de Maria. In programming designed to cultivate and consolidate peace and to silence the guns in Colombia, Sembradopaz has found it necessary to satisfy the\u2026","rel":"","context":"En \u00abAdvocacy\u00bb","block_context":{"text":"Advocacy","link":"https:\/\/www.mcclaca.org\/category\/advocacy\/"},"img":{"alt_text":"","src":"https:\/\/i0.wp.com\/www.mcclaca.org\/wp-content\/uploads\/2025\/04\/RS130983_IMG_0577-scaled.jpg?fit=1200%2C800&ssl=1&resize=350%2C200","width":350,"height":200,"srcset":"https:\/\/i0.wp.com\/www.mcclaca.org\/wp-content\/uploads\/2025\/04\/RS130983_IMG_0577-scaled.jpg?fit=1200%2C800&ssl=1&resize=350%2C200 1x, https:\/\/i0.wp.com\/www.mcclaca.org\/wp-content\/uploads\/2025\/04\/RS130983_IMG_0577-scaled.jpg?fit=1200%2C800&ssl=1&resize=525%2C300 1.5x, https:\/\/i0.wp.com\/www.mcclaca.org\/wp-content\/uploads\/2025\/04\/RS130983_IMG_0577-scaled.jpg?fit=1200%2C800&ssl=1&resize=700%2C400 2x, https:\/\/i0.wp.com\/www.mcclaca.org\/wp-content\/uploads\/2025\/04\/RS130983_IMG_0577-scaled.jpg?fit=1200%2C800&ssl=1&resize=1050%2C600 3x"},"classes":[]},{"id":11090,"url":"https:\/\/www.mcclaca.org\/es\/violencia-contra-la-juventud-en-colombia-noticias\/","url_meta":{"origin":11558,"position":2},"title":"Violencia contra la juventud en Colombia: noticias","author":"Admin","date":"28 de agosto de 2020","format":false,"excerpt":"(English resources below) Durante las \u00faltimas semanas, la frecuencia de los masacres y asesinatos de j\u00f3venes en Colombia se ha disparado de una manera alarmante.\u00a0Aqu\u00ed hemos recopilado algunos art\u00edculos y an\u00e1lisis, en espa\u00f1ol e ingles (abajo), para darles un contexto mas amplio para los acontecimientos recientes. Antes las masacres exigimos\u2026","rel":"","context":"En \u00abColombia\u00bb","block_context":{"text":"Colombia","link":"https:\/\/www.mcclaca.org\/es\/category\/programas\/colombia-es\/"},"img":{"alt_text":"","src":"https:\/\/i0.wp.com\/www.mcclaca.org\/wp-content\/uploads\/2020\/08\/RS82371_CVAN8602_alt-lpr-e1598638523325.jpg?fit=1200%2C572&ssl=1&resize=350%2C200","width":350,"height":200,"srcset":"https:\/\/i0.wp.com\/www.mcclaca.org\/wp-content\/uploads\/2020\/08\/RS82371_CVAN8602_alt-lpr-e1598638523325.jpg?fit=1200%2C572&ssl=1&resize=350%2C200 1x, https:\/\/i0.wp.com\/www.mcclaca.org\/wp-content\/uploads\/2020\/08\/RS82371_CVAN8602_alt-lpr-e1598638523325.jpg?fit=1200%2C572&ssl=1&resize=525%2C300 1.5x, https:\/\/i0.wp.com\/www.mcclaca.org\/wp-content\/uploads\/2020\/08\/RS82371_CVAN8602_alt-lpr-e1598638523325.jpg?fit=1200%2C572&ssl=1&resize=700%2C400 2x, https:\/\/i0.wp.com\/www.mcclaca.org\/wp-content\/uploads\/2020\/08\/RS82371_CVAN8602_alt-lpr-e1598638523325.jpg?fit=1200%2C572&ssl=1&resize=1050%2C600 3x"},"classes":[]},{"id":11074,"url":"https:\/\/www.mcclaca.org\/violencia-contra-la-juventud-en-colombia-noticias\/","url_meta":{"origin":11558,"position":3},"title":"Violencia contra la juventud en Colombia: Noticias","author":"Admin","date":"28 de agosto de 2020","format":false,"excerpt":"(English resources below) Durante las \u00faltimas semanas, la frecuencia de los masacres y asesinatos de j\u00f3venes en Colombia se ha disparado de una manera alarmante.\u00a0Aqu\u00ed hemos recopilado algunos art\u00edculos y an\u00e1lisis, en espa\u00f1ol e ingles (abajo), para darles un contexto mas amplio para los acontecimientos recientes. Antes las masacres exigimos\u2026","rel":"","context":"En \u00abAdvocacy\u00bb","block_context":{"text":"Advocacy","link":"https:\/\/www.mcclaca.org\/category\/advocacy\/"},"img":{"alt_text":"","src":"https:\/\/i0.wp.com\/www.mcclaca.org\/wp-content\/uploads\/2020\/08\/RS82371_CVAN8602_alt-lpr-e1598638523325.jpg?fit=1200%2C572&ssl=1&resize=350%2C200","width":350,"height":200,"srcset":"https:\/\/i0.wp.com\/www.mcclaca.org\/wp-content\/uploads\/2020\/08\/RS82371_CVAN8602_alt-lpr-e1598638523325.jpg?fit=1200%2C572&ssl=1&resize=350%2C200 1x, https:\/\/i0.wp.com\/www.mcclaca.org\/wp-content\/uploads\/2020\/08\/RS82371_CVAN8602_alt-lpr-e1598638523325.jpg?fit=1200%2C572&ssl=1&resize=525%2C300 1.5x, https:\/\/i0.wp.com\/www.mcclaca.org\/wp-content\/uploads\/2020\/08\/RS82371_CVAN8602_alt-lpr-e1598638523325.jpg?fit=1200%2C572&ssl=1&resize=700%2C400 2x, https:\/\/i0.wp.com\/www.mcclaca.org\/wp-content\/uploads\/2020\/08\/RS82371_CVAN8602_alt-lpr-e1598638523325.jpg?fit=1200%2C572&ssl=1&resize=1050%2C600 3x"},"classes":[]},{"id":11492,"url":"https:\/\/www.mcclaca.org\/luz-laughter-amidst-the-tears\/","url_meta":{"origin":11558,"position":4},"title":"Luz: Laughter amidst the tears","author":"Admin","date":"24 de mayo de 2021","format":false,"excerpt":"The protagonist of today\u2019s story is a woman who, for security reasons, I\u2019ll call Luz. Luz was born in La Guajira, on the Caribbean coast of Colombia. She describes it as a beautiful region, very warm but also very violent. \u201cThe people there are kind people, who don\u2019t mind going\u2026","rel":"","context":"En \u00abAdvocacy\u00bb","block_context":{"text":"Advocacy","link":"https:\/\/www.mcclaca.org\/category\/advocacy\/"},"img":{"alt_text":"","src":"https:\/\/i0.wp.com\/www.mcclaca.org\/wp-content\/uploads\/2021\/05\/ian-kiragu-GSh_PwsZsPQ-unsplash-hdr.jpg?fit=1200%2C556&ssl=1&resize=350%2C200","width":350,"height":200,"srcset":"https:\/\/i0.wp.com\/www.mcclaca.org\/wp-content\/uploads\/2021\/05\/ian-kiragu-GSh_PwsZsPQ-unsplash-hdr.jpg?fit=1200%2C556&ssl=1&resize=350%2C200 1x, https:\/\/i0.wp.com\/www.mcclaca.org\/wp-content\/uploads\/2021\/05\/ian-kiragu-GSh_PwsZsPQ-unsplash-hdr.jpg?fit=1200%2C556&ssl=1&resize=525%2C300 1.5x, https:\/\/i0.wp.com\/www.mcclaca.org\/wp-content\/uploads\/2021\/05\/ian-kiragu-GSh_PwsZsPQ-unsplash-hdr.jpg?fit=1200%2C556&ssl=1&resize=700%2C400 2x, https:\/\/i0.wp.com\/www.mcclaca.org\/wp-content\/uploads\/2021\/05\/ian-kiragu-GSh_PwsZsPQ-unsplash-hdr.jpg?fit=1200%2C556&ssl=1&resize=1050%2C600 3x"},"classes":[]},{"id":11094,"url":"https:\/\/www.mcclaca.org\/lessons-on-systemic-racism-from-choco\/","url_meta":{"origin":11558,"position":5},"title":"Lessons on systemic racism from Choc\u00f3","author":"Admin","date":"10 de septiembre de 2020","format":false,"excerpt":"This article is part of a series about racism in Colombia. Read more. When I was 26 years old, my husband and I moved to Colombia to participate in MCC\u2019s Seed program. We were placed with the Mennonite Brethren Churches in the Choc\u00f3, a department on Colombia\u2019s Pacific coast that\u2026","rel":"","context":"En \u00abAdvocacy\u00bb","block_context":{"text":"Advocacy","link":"https:\/\/www.mcclaca.org\/category\/advocacy\/"},"img":{"alt_text":"","src":"https:\/\/i0.wp.com\/www.mcclaca.org\/wp-content\/uploads\/2020\/09\/DSCN1693-2-1-e1599766592649.jpg?fit=1200%2C686&ssl=1&resize=350%2C200","width":350,"height":200,"srcset":"https:\/\/i0.wp.com\/www.mcclaca.org\/wp-content\/uploads\/2020\/09\/DSCN1693-2-1-e1599766592649.jpg?fit=1200%2C686&ssl=1&resize=350%2C200 1x, https:\/\/i0.wp.com\/www.mcclaca.org\/wp-content\/uploads\/2020\/09\/DSCN1693-2-1-e1599766592649.jpg?fit=1200%2C686&ssl=1&resize=525%2C300 1.5x, https:\/\/i0.wp.com\/www.mcclaca.org\/wp-content\/uploads\/2020\/09\/DSCN1693-2-1-e1599766592649.jpg?fit=1200%2C686&ssl=1&resize=700%2C400 2x, https:\/\/i0.wp.com\/www.mcclaca.org\/wp-content\/uploads\/2020\/09\/DSCN1693-2-1-e1599766592649.jpg?fit=1200%2C686&ssl=1&resize=1050%2C600 3x"},"classes":[]}],"jetpack_featured_media_url":"https:\/\/i0.wp.com\/www.mcclaca.org\/wp-content\/uploads\/2021\/07\/RS112015_IMG_20210213_164522_891-lpr.jpg?fit=2000%2C1500&ssl=1","_links":{"self":[{"href":"https:\/\/www.mcclaca.org\/es\/wp-json\/wp\/v2\/posts\/11558","targetHints":{"allow":["GET"]}}],"collection":[{"href":"https:\/\/www.mcclaca.org\/es\/wp-json\/wp\/v2\/posts"}],"about":[{"href":"https:\/\/www.mcclaca.org\/es\/wp-json\/wp\/v2\/types\/post"}],"author":[{"embeddable":true,"href":"https:\/\/www.mcclaca.org\/es\/wp-json\/wp\/v2\/users\/5"}],"replies":[{"embeddable":true,"href":"https:\/\/www.mcclaca.org\/es\/wp-json\/wp\/v2\/comments?post=11558"}],"version-history":[{"count":3,"href":"https:\/\/www.mcclaca.org\/es\/wp-json\/wp\/v2\/posts\/11558\/revisions"}],"predecessor-version":[{"id":11688,"href":"https:\/\/www.mcclaca.org\/es\/wp-json\/wp\/v2\/posts\/11558\/revisions\/11688"}],"wp:featuredmedia":[{"embeddable":true,"href":"https:\/\/www.mcclaca.org\/es\/wp-json\/wp\/v2\/media\/11556"}],"wp:attachment":[{"href":"https:\/\/www.mcclaca.org\/es\/wp-json\/wp\/v2\/media?parent=11558"}],"wp:term":[{"taxonomy":"category","embeddable":true,"href":"https:\/\/www.mcclaca.org\/es\/wp-json\/wp\/v2\/categories?post=11558"},{"taxonomy":"post_tag","embeddable":true,"href":"https:\/\/www.mcclaca.org\/es\/wp-json\/wp\/v2\/tags?post=11558"}],"curies":[{"name":"wp","href":"https:\/\/api.w.org\/{rel}","templated":true}]}}