{"id":11636,"date":"2021-12-06T12:24:25","date_gmt":"2021-12-06T18:24:25","guid":{"rendered":"http:\/\/www.mcclaca.org\/?p=11636\/"},"modified":"2021-12-06T12:32:59","modified_gmt":"2021-12-06T18:32:59","slug":"suficientes-minutos-para-llamar","status":"publish","type":"post","link":"https:\/\/www.mcclaca.org\/es\/suficientes-minutos-para-llamar\/","title":{"rendered":"Suficientes minutos para llamar"},"content":{"rendered":"\n<p class=\"wp-block-paragraph\">Agradezco a Dios esta sencilla lecci\u00f3n: \u201cLo que ve\u00eda como desgracia, ahora lo uso como bendici\u00f3n para otra persona, qu\u00e9 a su vez por su necesidad me bendijo a m\u00ed. \u00a8\u201d<\/p>\n\n\n\n<p class=\"wp-block-paragraph\">Quiero compartirles un poco de lo que he aprendido en mi tiempo con CASM en la cual soy voluntaria CASM (Comisi\u00f3n de Acci\u00f3n Social Menonita) apoyando a los migrantes retornados. Hay diferentes componentes y acciones desarrolladas en este programa. La migraci\u00f3n sigue siendo alta, y a pesar del COVID 19 todav\u00eda se ven salir caravanas de migrantes. Estados Unidos y M\u00e9xico siguen deportando, donde podemos encontrar, representados todos los grupos sociales hombres, mujeres, ni\u00f1os, j\u00f3venes y ancianos; en especial a los ni\u00f1os se les da un muy buen trato y a la vez un trato riguroso ya que como dictan los Derechos Humanos a los ni\u00f1os y las ni\u00f1as se les debe brindar bienestar y seguridad sea cual sea la situaci\u00f3n en la que ellos se encuentren. Por eso es que cuando los agentes deportan a un migrante menor de edad que este o no acompa\u00f1ado lo trasladan a instituciones gubernamentales buscando protecci\u00f3n del menor.<\/p>\n\n\n\n<p class=\"wp-block-paragraph\">Una instituci\u00f3n qu\u00e9 se dedica a eso en Honduras es el centro DINAF BEL\u00c9N. Normalmente hay dos lugares en Honduras en d\u00f3nde llegan los migrantes deportados en el Centros de Atenci\u00f3n al Migrante Retornado (CAMR) que va hacia la Lima, ah\u00ed llegan los vuelos con los migrantes deportados pero todo menor de edad lo trasladan al centro Bel\u00e9n. Mientras no sea mayor de edad llegar\u00e1 ah\u00ed: si va con su familia, los trasladan a todos, y si no, va acompa\u00f1ado solo a ellos. En el centro Bel\u00e9n, por lo que me pude dar cuenta les dan alimentos, productos de uso prioritario, les permiten ba\u00f1ar y cambiar, hay atenci\u00f3n m\u00e9dica psicol\u00f3gica y judicial con la presencia de un abogado, tambi\u00e9n, les dan un boleto a la terminal de autobuses de San Pedro Sula hacia departamentos concurridos y centrales como la capital Tegucigalpa, Ceiba y Cop\u00e1n.<\/p>\n\n\n\n<figure class=\"wp-block-image size-large\"><img fetchpriority=\"high\" decoding=\"async\" width=\"1200\" height=\"1600\" src=\"https:\/\/i0.wp.com\/www.mcclaca.org\/wp-content\/uploads\/2021\/12\/WhatsApp-Image-2021-11-15-at-11.14.44-AM-1-1.jpeg?fit=750%2C1000\" alt=\"\" class=\"wp-image-11637\" srcset=\"https:\/\/i0.wp.com\/www.mcclaca.org\/wp-content\/uploads\/2021\/12\/WhatsApp-Image-2021-11-15-at-11.14.44-AM-1-1.jpeg?w=1200&amp;ssl=1 1200w, https:\/\/i0.wp.com\/www.mcclaca.org\/wp-content\/uploads\/2021\/12\/WhatsApp-Image-2021-11-15-at-11.14.44-AM-1-1.jpeg?resize=225%2C300&amp;ssl=1 225w, https:\/\/i0.wp.com\/www.mcclaca.org\/wp-content\/uploads\/2021\/12\/WhatsApp-Image-2021-11-15-at-11.14.44-AM-1-1.jpeg?resize=768%2C1024&amp;ssl=1 768w, https:\/\/i0.wp.com\/www.mcclaca.org\/wp-content\/uploads\/2021\/12\/WhatsApp-Image-2021-11-15-at-11.14.44-AM-1-1.jpeg?resize=1152%2C1536&amp;ssl=1 1152w\" sizes=\"(max-width: 750px) 100vw, 750px\" \/><figcaption><span style=\"color:#0092ac\" class=\"has-inline-color\"><em>Imagen cortes\u00eda de CASM\/Elda Antonio Garcia<\/em><\/span><\/figcaption><\/figure>\n\n\n\n<p class=\"wp-block-paragraph\">Aunque la ayuda puede verse basta, en realidad no completa la necesidad que tiene un migrante ya que, despu\u00e9s de recorrer un camino que consta de m\u00e1s de 30 d\u00edas gastando todos sus recursos y pr\u00e1cticamente viajando sin muchas pertenencias, no cuentan con nada de dinero para regresar a casa o con sus familias. La mayor\u00eda de los migrantes son de pueblos, departamentos y lugares alejados, proveniente de toda Honduras. El centro Bel\u00e9n no puede apoyarles completamente, por lo que se ha unido con CASM y, junto a trav\u00e9s de Childfund, ha conseguido ayudarles con dinero: 200 a 500 Lempiras para llegar hasta su comunidad y acercarse en d\u00f3nde est\u00e1 su familia, ya que con el boleto que les dan solo llegan hasta un lugar cercano, c\u00e9ntrico. Si les sobra, compran agua o alg\u00fan alimento para el camino. Tambi\u00e9n, se les da una tarjeta de supermercado para cada miembro de la familia, la cual consta de 334 lempiras que pueden utilizar en la cadena de tiendas Walmart en todo Honduras. Este dinero electr\u00f3nico les permitir\u00e1 comprar alimentos y productos de primera necesidad para su regreso.<\/p>\n\n\n\n<p class=\"wp-block-paragraph\">En los departamentos de Cort\u00e9s, Yoro, Santa B\u00e1rbara tenemos cobertura con el programa medios de vida, el cual proporciona becas escolares, cursos de formaci\u00f3n t\u00e9cnica e inversi\u00f3n de capital semilla para emprendedores. A las familias de estos departamentos se les ofrece esta oportunidad. El d\u00eda 2 y 3 de noviembre tuve la oportunidad de apoyar a mi compa\u00f1era Stefany Hern\u00e1ndez en este programa de ayuda humanitaria que brindan.<\/p>\n\n\n\n<p class=\"wp-block-paragraph\">Muchas vivencias, tantas historias se quedaron grabadas en m\u00ed, pero una experiencia en especial sacudi\u00f3 mi vida. Yo soy de M\u00e9xico y el servir en Honduras implic\u00f3 el cambiar de compa\u00f1\u00eda de celular. El medio para comunicarme con mi familia y con la gente que conozco en M\u00e9xico es por medio de WhatsApp, pero el internet tanto de la casa como el consumo de datos en red es inestable y eso me genera impotencia. Debido a esta situaci\u00f3n dije: la \u00fanica soluci\u00f3n es llamar normal a M\u00e9xico, pero obvio no se pod\u00eda, ya que implica una larga distancia. Me di a la tarea de investigar, y 5 minutos a M\u00e9xico de una llamada costaba 25 lempiras. 5 minutos es muy poco tiempo y equivale a $1. En esa misma b\u00fasqueda vi que ten\u00eda minutos para Estados Unidos y Canad\u00e1. Pens\u00e9 \u201cde qu\u00e9 me sirve tener tantos minutos hacia esos pa\u00edses, no es el lugar en d\u00f3nde quiero llamar\u201d. Recuerdo que hasta me incomodaba saber eso y, renegando de esa situaci\u00f3n, me enoj\u00e9.<\/p>\n\n\n\n<figure class=\"wp-block-image size-large\"><img decoding=\"async\" width=\"1041\" height=\"723\" data-attachment-id=\"11640\" data-permalink=\"https:\/\/www.mcclaca.org\/es\/suficientes-minutos-para-llamar\/whatsapp-image-2021-11-15-at-11-14-44-am-2\/\" data-orig-file=\"https:\/\/i0.wp.com\/www.mcclaca.org\/wp-content\/uploads\/2021\/12\/WhatsApp-Image-2021-11-15-at-11.14.44-AM-2.jpeg?fit=1041%2C723&amp;ssl=1\" data-orig-size=\"1041,723\" data-comments-opened=\"1\" data-image-meta=\"{&quot;aperture&quot;:&quot;0&quot;,&quot;credit&quot;:&quot;&quot;,&quot;camera&quot;:&quot;&quot;,&quot;caption&quot;:&quot;&quot;,&quot;created_timestamp&quot;:&quot;0&quot;,&quot;copyright&quot;:&quot;&quot;,&quot;focal_length&quot;:&quot;0&quot;,&quot;iso&quot;:&quot;0&quot;,&quot;shutter_speed&quot;:&quot;0&quot;,&quot;title&quot;:&quot;&quot;,&quot;orientation&quot;:&quot;0&quot;}\" data-image-title=\"WhatsApp-Image-2021-11-15-at-11.14.44-AM-2\" data-image-description=\"\" data-image-caption=\"\" data-large-file=\"https:\/\/i0.wp.com\/www.mcclaca.org\/wp-content\/uploads\/2021\/12\/WhatsApp-Image-2021-11-15-at-11.14.44-AM-2.jpeg?fit=750%2C521&amp;ssl=1\" src=\"https:\/\/i0.wp.com\/www.mcclaca.org\/wp-content\/uploads\/2021\/12\/WhatsApp-Image-2021-11-15-at-11.14.44-AM-2.jpeg?fit=750%2C521\" alt=\"\" class=\"wp-image-11640\" srcset=\"https:\/\/i0.wp.com\/www.mcclaca.org\/wp-content\/uploads\/2021\/12\/WhatsApp-Image-2021-11-15-at-11.14.44-AM-2.jpeg?w=1041&amp;ssl=1 1041w, https:\/\/i0.wp.com\/www.mcclaca.org\/wp-content\/uploads\/2021\/12\/WhatsApp-Image-2021-11-15-at-11.14.44-AM-2.jpeg?resize=300%2C208&amp;ssl=1 300w, https:\/\/i0.wp.com\/www.mcclaca.org\/wp-content\/uploads\/2021\/12\/WhatsApp-Image-2021-11-15-at-11.14.44-AM-2.jpeg?resize=1024%2C711&amp;ssl=1 1024w, https:\/\/i0.wp.com\/www.mcclaca.org\/wp-content\/uploads\/2021\/12\/WhatsApp-Image-2021-11-15-at-11.14.44-AM-2.jpeg?resize=768%2C533&amp;ssl=1 768w\" sizes=\"(max-width: 750px) 100vw, 750px\" \/><figcaption><span style=\"color:#0071a1\" class=\"has-inline-color\"><em>Imagen cortes\u00eda de CASM<\/em><\/span><\/figcaption><\/figure>\n\n\n\n<p class=\"wp-block-paragraph\">El d\u00eda mi\u00e9rcoles que igual est\u00e1bamos en el centro Bel\u00e9n dimos a todas las familias la informaci\u00f3n y ayuda humanitaria. En un instante observamos a una mujer, la cual ya hab\u00eda sido beneficiada, buscando impacientemente hacer una llamada a su familia, para que ellos supieran c\u00f3mo estaban ella y su hijo y fueran por ellos. La mandamos con la encargada del \u00e1rea de las llamadas y notamos que regres\u00f3 desilusionada: el \u00fanico n\u00famero que de memoria se sab\u00eda era el de su esposo que estaba en Texas y pero no hab\u00eda llamadas internacionales. C\u00f3mo le preguntamos si necesitaba algo, nos cont\u00f3. Yo s\u00ed ten\u00eda para hacer llamadas extranjeras\u2014no estaba tan consciente, pero de pronto record\u00e9 que ten\u00eda bastantes minutos disponibles, as\u00ed que le dije \u201cintentemos hacer esta llamada\u201d. Me dict\u00f3 el n\u00famero y, cuando contestaron, sus ojos se iluminaron de esperanza. Habl\u00f3 y explic\u00f3 c\u00f3mo estaba lo que necesitaba r\u00e1pidamente\u2014lo dijo pensando que me cobrar\u00eda muy caro por su llamada, habl\u00f3 s\u00faper r\u00e1pido. Dimos tiempo para que su esposo llamara para que fueran a recogerla y despu\u00e9s me acerqu\u00e9 y le dije que quer\u00eda que hablara m\u00e1s tranquila con \u00e9l. Le di mi tel\u00e9fono y me dijo \u201cs\u00ed, porque le dije todo muy r\u00e1pido, solamente para que no se preocupara\u201d.<\/p>\n\n\n\n<p class=\"wp-block-paragraph\">En ese momento record\u00e9 el reclam\u00f3 que hac\u00eda y sonre\u00ed volviendo a marcarle a su esposo. La se\u00f1ora desconoc\u00eda d\u00f3nde estaba, ya que ella es de otro departamento de Honduras. Me pidi\u00f3 enviar la ubicaci\u00f3n y as\u00ed lo hice. Luego nosotras nos retiramos con la esperanza de que iban a ir por ella.<\/p>\n\n\n\n<p class=\"wp-block-paragraph\">M\u00e1s tarde recib\u00ed otra llamada desde el n\u00famero de contacto. La se\u00f1ora me explic\u00f3 que ya se encontraba camino a casa, agradeci\u00e9ndome porque para ella, la llamada a su esposo fue vital e importante y por medio del celular, compartiendo la ubicaci\u00f3n, pudieron reunirse la familia. Agradezco a Dios esta sencilla lecci\u00f3n: \u201clo que ve\u00eda como desgracia ahora lo uso como bendici\u00f3n para otra persona, qu\u00e9 a su vez por su necesidad me bendijo a m\u00ed.\u201d<\/p>\n\n\n\n<p class=\"wp-block-paragraph\">Habr\u00e1 muchas cosas que suceder\u00e1n alrededor de nuestra persona. Nuestro trabajo es identificar que esos sucesos nos ense\u00f1an y ayudan a crecer. A veces pasan desapercibidos, pero yo las llamo lecciones de amor del cielo para que nuestra vida sea din\u00e1mica y completa.<\/p>\n\n\n\n<hr class=\"wp-block-separator\"\/>\n\n\n\n<p class=\"wp-block-paragraph\"><em>Elda Antonio Garcia est\u00e1 sirviendo como Asistente de Incidencia y Comunicaciones en Migraci\u00f3n con el CASM como parte del programa de YAMEN de CCM.<\/em><\/p>\n","protected":false},"excerpt":{"rendered":"<p>Agradezco a Dios esta sencilla lecci\u00f3n: \u201cLo que ve\u00eda como desgracia, ahora lo uso como bendici\u00f3n para otra persona, qu\u00e9 a su vez por su necesidad me bendijo a m\u00ed. \u00a8\u201d Quiero compartirles un poco de lo que he aprendido en mi tiempo con CASM en la cual soy voluntaria CASM (Comisi\u00f3n de Acci\u00f3n Social [&hellip;]<\/p>\n","protected":false},"author":5,"featured_media":11628,"comment_status":"open","ping_status":"open","sticky":false,"template":"","format":"standard","meta":{"nf_dc_page":"","_jetpack_newsletter_access":"","_jetpack_dont_email_post_to_subs":false,"_jetpack_newsletter_tier_id":0,"_jetpack_memberships_contains_paywalled_content":false,"_jetpack_feature_clip_id":0,"_jetpack_memberships_contains_paid_content":false,"footnotes":"","jetpack_publicize_message":"","jetpack_publicize_feature_enabled":true,"jetpack_social_post_already_shared":true,"jetpack_social_options":{"image_generator_settings":{"template":"highway","default_image_id":0,"font":"","enabled":false},"version":2},"jetpack_post_was_ever_published":false},"categories":[435,397,343],"tags":[],"class_list":["post-11636","post","type-post","status-publish","format-standard","has-post-thumbnail","hentry","category-honduras-es","category-incidencia-politica","category-migracion"],"jetpack_publicize_connections":[],"jetpack_sharing_enabled":true,"jetpack_shortlink":"https:\/\/wp.me\/p7pJjQ-31G","jetpack-related-posts":[{"id":11697,"url":"https:\/\/www.mcclaca.org\/es\/mas-empatia-mas-accion-y-mas-gratitud\/","url_meta":{"origin":11636,"position":0},"title":"M\u00e1s empat\u00eda, m\u00e1s acci\u00f3n y m\u00e1s gratitud","author":"Admin","date":"8 de junio de 2022","format":false,"excerpt":"Creo fielmente que las experiencias que se viven no son por casualidad, que te ense\u00f1an grandes lecciones de vida, que te ayudan a crecer y ser m\u00e1s consciente de lo que otros viven.\u00a0 En esta historia quiero hablar acerca de lo que Dios me ha querido ense\u00f1ar y lo que\u2026","rel":"","context":"En \u00abHonduras\u00bb","block_context":{"text":"Honduras","link":"https:\/\/www.mcclaca.org\/es\/category\/programas\/honduras-es\/"},"img":{"alt_text":"","src":"https:\/\/i0.wp.com\/www.mcclaca.org\/wp-content\/uploads\/2022\/06\/Picture2.png?fit=1027%2C578&ssl=1&resize=350%2C200","width":350,"height":200,"srcset":"https:\/\/i0.wp.com\/www.mcclaca.org\/wp-content\/uploads\/2022\/06\/Picture2.png?fit=1027%2C578&ssl=1&resize=350%2C200 1x, https:\/\/i0.wp.com\/www.mcclaca.org\/wp-content\/uploads\/2022\/06\/Picture2.png?fit=1027%2C578&ssl=1&resize=525%2C300 1.5x, https:\/\/i0.wp.com\/www.mcclaca.org\/wp-content\/uploads\/2022\/06\/Picture2.png?fit=1027%2C578&ssl=1&resize=700%2C400 2x"},"classes":[]},{"id":12171,"url":"https:\/\/www.mcclaca.org\/es\/seguir-adelante-en-medio-de-la-pesadumbre\/","url_meta":{"origin":11636,"position":1},"title":"Seguir adelante en medio de la pesadumbre","author":"Admin","date":"22 de mayo de 2023","format":false,"excerpt":"Una de las cosas que m\u00e1s me persiguen en Casa del Migrante \u2018Scalabrini\u2019 - Guatemala (CdMSG) es el camino por venir que las personas viajando hacia el norte van a encontrar mientras salgan CdMSG, contin\u00faen su trayecto por M\u00e9xico y lleguen a la frontera con los Estados Unidos. Los migrantes\u2026","rel":"","context":"En \u00abGuatemala\u00bb","block_context":{"text":"Guatemala","link":"https:\/\/www.mcclaca.org\/es\/category\/programas\/guatemala-es\/"},"img":{"alt_text":"","src":"https:\/\/i0.wp.com\/www.mcclaca.org\/wp-content\/uploads\/2023\/05\/RS123943_0Z8A0841-lpr.jpg?fit=1200%2C800&ssl=1&resize=350%2C200","width":350,"height":200,"srcset":"https:\/\/i0.wp.com\/www.mcclaca.org\/wp-content\/uploads\/2023\/05\/RS123943_0Z8A0841-lpr.jpg?fit=1200%2C800&ssl=1&resize=350%2C200 1x, https:\/\/i0.wp.com\/www.mcclaca.org\/wp-content\/uploads\/2023\/05\/RS123943_0Z8A0841-lpr.jpg?fit=1200%2C800&ssl=1&resize=525%2C300 1.5x, https:\/\/i0.wp.com\/www.mcclaca.org\/wp-content\/uploads\/2023\/05\/RS123943_0Z8A0841-lpr.jpg?fit=1200%2C800&ssl=1&resize=700%2C400 2x, https:\/\/i0.wp.com\/www.mcclaca.org\/wp-content\/uploads\/2023\/05\/RS123943_0Z8A0841-lpr.jpg?fit=1200%2C800&ssl=1&resize=1050%2C600 3x"},"classes":[]},{"id":11626,"url":"https:\/\/www.mcclaca.org\/enough-minutes-to-call\/","url_meta":{"origin":11636,"position":2},"title":"Enough minutes to call","author":"Admin","date":"6 de diciembre de 2021","format":false,"excerpt":"I\u2019m grateful to God for this simple lesson: \u201cWhat I saw as a misfortune has become a blessing for another, who in turn, out of their need, blessed me.\u201d I want to share with you a little of what I\u2019ve learned during my time with CASM (Mennonite Social Action Commission),\u2026","rel":"","context":"En \u00abAdvocacy\u00bb","block_context":{"text":"Advocacy","link":"https:\/\/www.mcclaca.org\/category\/advocacy\/"},"img":{"alt_text":"","src":"https:\/\/i0.wp.com\/www.mcclaca.org\/wp-content\/uploads\/2021\/12\/priscilla-du-preez-BjhUu6BpUZA-unsplash.jpg?fit=1200%2C800&ssl=1&resize=350%2C200","width":350,"height":200,"srcset":"https:\/\/i0.wp.com\/www.mcclaca.org\/wp-content\/uploads\/2021\/12\/priscilla-du-preez-BjhUu6BpUZA-unsplash.jpg?fit=1200%2C800&ssl=1&resize=350%2C200 1x, https:\/\/i0.wp.com\/www.mcclaca.org\/wp-content\/uploads\/2021\/12\/priscilla-du-preez-BjhUu6BpUZA-unsplash.jpg?fit=1200%2C800&ssl=1&resize=525%2C300 1.5x, https:\/\/i0.wp.com\/www.mcclaca.org\/wp-content\/uploads\/2021\/12\/priscilla-du-preez-BjhUu6BpUZA-unsplash.jpg?fit=1200%2C800&ssl=1&resize=700%2C400 2x, https:\/\/i0.wp.com\/www.mcclaca.org\/wp-content\/uploads\/2021\/12\/priscilla-du-preez-BjhUu6BpUZA-unsplash.jpg?fit=1200%2C800&ssl=1&resize=1050%2C600 3x"},"classes":[]},{"id":11411,"url":"https:\/\/www.mcclaca.org\/es\/como-la-militarizacion-de-la-frontera-sur-de-mexico-esta-poniendo-en-peligro-a-los-migrantes-centroamericanos\/","url_meta":{"origin":11636,"position":3},"title":"C\u00f3mo la militarizaci\u00f3n de la frontera sur de M\u00e9xico est\u00e1 poniendo en peligro a los migrantes centroamericanos","author":"Admin","date":"7 de mayo de 2021","format":false,"excerpt":"Do\u00f1a Francisca* guarda en su tel\u00e9fono una foto de ella y de un joven pariente, Kevin*. En la foto, Do\u00f1a Francisca lleva una m\u00e1scara, pero Kevin tiene la cara descubierta, est\u00e1 limpio y sonr\u00ede. Parece un buen chico. \"Es el tipo de persona que, si ve algo sucio, deja lo\u2026","rel":"","context":"En \u00abIncidencia Pol\u00edtica\u00bb","block_context":{"text":"Incidencia Pol\u00edtica","link":"https:\/\/www.mcclaca.org\/es\/category\/incidencia-politica\/"},"img":{"alt_text":"","src":"https:\/\/i0.wp.com\/www.mcclaca.org\/wp-content\/uploads\/2021\/05\/IMG_5712-header.jpg?fit=1200%2C610&ssl=1&resize=350%2C200","width":350,"height":200,"srcset":"https:\/\/i0.wp.com\/www.mcclaca.org\/wp-content\/uploads\/2021\/05\/IMG_5712-header.jpg?fit=1200%2C610&ssl=1&resize=350%2C200 1x, https:\/\/i0.wp.com\/www.mcclaca.org\/wp-content\/uploads\/2021\/05\/IMG_5712-header.jpg?fit=1200%2C610&ssl=1&resize=525%2C300 1.5x, https:\/\/i0.wp.com\/www.mcclaca.org\/wp-content\/uploads\/2021\/05\/IMG_5712-header.jpg?fit=1200%2C610&ssl=1&resize=700%2C400 2x, https:\/\/i0.wp.com\/www.mcclaca.org\/wp-content\/uploads\/2021\/05\/IMG_5712-header.jpg?fit=1200%2C610&ssl=1&resize=1050%2C600 3x"},"classes":[]},{"id":11711,"url":"https:\/\/www.mcclaca.org\/es\/detras-de-una-mascarilla-se-esconde-una-mujer-resiliente\/","url_meta":{"origin":11636,"position":4},"title":"Detr\u00e1s de una mascarilla se esconde una mujer resiliente","author":"Admin","date":"10 de junio de 2022","format":false,"excerpt":"No s\u00e9 si a otras personas les sucede lo mismo que a m\u00ed, pero desde que inici\u00f3 la pandemia y empec\u00e9 a conocer personas diferentes, me llamaba mucho la atenci\u00f3n cuando ten\u00eda la oportunidad ver el rostro completo de aquellas personas. Empec\u00e9 a reflexionar sobre qui\u00e9n realmente se escond\u00eda detr\u00e1s\u2026","rel":"","context":"En \u00abHonduras\u00bb","block_context":{"text":"Honduras","link":"https:\/\/www.mcclaca.org\/es\/category\/programas\/honduras-es\/"},"img":{"alt_text":"","src":"https:\/\/i0.wp.com\/www.mcclaca.org\/wp-content\/uploads\/2022\/06\/paul-macallan-yo8jVsFH5Co-unsplash-xtra-small.jpg?fit=1200%2C798&ssl=1&resize=350%2C200","width":350,"height":200,"srcset":"https:\/\/i0.wp.com\/www.mcclaca.org\/wp-content\/uploads\/2022\/06\/paul-macallan-yo8jVsFH5Co-unsplash-xtra-small.jpg?fit=1200%2C798&ssl=1&resize=350%2C200 1x, https:\/\/i0.wp.com\/www.mcclaca.org\/wp-content\/uploads\/2022\/06\/paul-macallan-yo8jVsFH5Co-unsplash-xtra-small.jpg?fit=1200%2C798&ssl=1&resize=525%2C300 1.5x, https:\/\/i0.wp.com\/www.mcclaca.org\/wp-content\/uploads\/2022\/06\/paul-macallan-yo8jVsFH5Co-unsplash-xtra-small.jpg?fit=1200%2C798&ssl=1&resize=700%2C400 2x, https:\/\/i0.wp.com\/www.mcclaca.org\/wp-content\/uploads\/2022\/06\/paul-macallan-yo8jVsFH5Co-unsplash-xtra-small.jpg?fit=1200%2C798&ssl=1&resize=1050%2C600 3x"},"classes":[]},{"id":10873,"url":"https:\/\/www.mcclaca.org\/es\/donde-estan-nuestros-ninos\/","url_meta":{"origin":11636,"position":5},"title":"\u00bfD\u00f3nde est\u00e1n nuestros ni\u00f1os?","author":"Admin","date":"17 de junio de 2020","format":false,"excerpt":"Habr\u00e1 varias formas en la que podemos responder a este t\u00edtulo, algunas de ellas desde un plano metaf\u00f3rico, o bien pensando en qu\u00e9 posici\u00f3n (de poder, participaci\u00f3n, consulta, etc.) ocupan los ni\u00f1os y las ni\u00f1as, ya sea dentro de la comunidad de fe o la sociedad en general.\u00a0 Al iniciar\u2026","rel":"","context":"En \u00abIncidencia Pol\u00edtica\u00bb","block_context":{"text":"Incidencia Pol\u00edtica","link":"https:\/\/www.mcclaca.org\/es\/category\/incidencia-politica\/"},"img":{"alt_text":"","src":"https:\/\/i0.wp.com\/www.mcclaca.org\/wp-content\/uploads\/2020\/06\/5.jpeg?fit=1024%2C682&ssl=1&resize=350%2C200","width":350,"height":200,"srcset":"https:\/\/i0.wp.com\/www.mcclaca.org\/wp-content\/uploads\/2020\/06\/5.jpeg?fit=1024%2C682&ssl=1&resize=350%2C200 1x, https:\/\/i0.wp.com\/www.mcclaca.org\/wp-content\/uploads\/2020\/06\/5.jpeg?fit=1024%2C682&ssl=1&resize=525%2C300 1.5x, https:\/\/i0.wp.com\/www.mcclaca.org\/wp-content\/uploads\/2020\/06\/5.jpeg?fit=1024%2C682&ssl=1&resize=700%2C400 2x"},"classes":[]}],"jetpack_featured_media_url":"https:\/\/i0.wp.com\/www.mcclaca.org\/wp-content\/uploads\/2021\/12\/priscilla-du-preez-BjhUu6BpUZA-unsplash.jpg?fit=2400%2C1600&ssl=1","_links":{"self":[{"href":"https:\/\/www.mcclaca.org\/es\/wp-json\/wp\/v2\/posts\/11636","targetHints":{"allow":["GET"]}}],"collection":[{"href":"https:\/\/www.mcclaca.org\/es\/wp-json\/wp\/v2\/posts"}],"about":[{"href":"https:\/\/www.mcclaca.org\/es\/wp-json\/wp\/v2\/types\/post"}],"author":[{"embeddable":true,"href":"https:\/\/www.mcclaca.org\/es\/wp-json\/wp\/v2\/users\/5"}],"replies":[{"embeddable":true,"href":"https:\/\/www.mcclaca.org\/es\/wp-json\/wp\/v2\/comments?post=11636"}],"version-history":[{"count":4,"href":"https:\/\/www.mcclaca.org\/es\/wp-json\/wp\/v2\/posts\/11636\/revisions"}],"predecessor-version":[{"id":11644,"href":"https:\/\/www.mcclaca.org\/es\/wp-json\/wp\/v2\/posts\/11636\/revisions\/11644"}],"wp:featuredmedia":[{"embeddable":true,"href":"https:\/\/www.mcclaca.org\/es\/wp-json\/wp\/v2\/media\/11628"}],"wp:attachment":[{"href":"https:\/\/www.mcclaca.org\/es\/wp-json\/wp\/v2\/media?parent=11636"}],"wp:term":[{"taxonomy":"category","embeddable":true,"href":"https:\/\/www.mcclaca.org\/es\/wp-json\/wp\/v2\/categories?post=11636"},{"taxonomy":"post_tag","embeddable":true,"href":"https:\/\/www.mcclaca.org\/es\/wp-json\/wp\/v2\/tags?post=11636"}],"curies":[{"name":"wp","href":"https:\/\/api.w.org\/{rel}","templated":true}]}}