{"id":12067,"date":"2023-03-06T17:35:23","date_gmt":"2023-03-06T23:35:23","guid":{"rendered":"https:\/\/www.mcclaca.org\/?p=12067"},"modified":"2023-03-07T13:03:49","modified_gmt":"2023-03-07T19:03:49","slug":"ccm-laca-conmemora-el-dia-internacional-de-la-mujer","status":"publish","type":"post","link":"https:\/\/www.mcclaca.org\/es\/ccm-laca-conmemora-el-dia-internacional-de-la-mujer\/","title":{"rendered":"CCM LACA conmemora el D\u00eda Internacional de la Mujer"},"content":{"rendered":"\n<p class=\"wp-block-paragraph\">El 8 de marzo es el D\u00eda Internacional de la Mujer, una conmemoraci\u00f3n que tiene sus ra\u00edces en el movimiento obrero de principios del siglo 20. Desde entonces, se ha conmemorado en pa\u00edses de todo el mundo, tanto como celebraci\u00f3n de los logros de las mujeres como ocasi\u00f3n para exigir la igualdad de derechos y denunciar la violencia.<\/p>\n\n\n\n<p class=\"wp-block-paragraph\">En Am\u00e9rica Latina y el Caribe, los movimientos de mujeres no han dejado de ganar fuerza e impulso, y son algunos de los movimientos m\u00e1s visibles a favor del cambio en la regi\u00f3n. Y hay buenas razones para ello: Las mujeres de Am\u00e9rica Latina y el Caribe siguen padeciendo elevados niveles de discriminaci\u00f3n, acoso, violencia y feminicidio. Las mujeres son las que m\u00e1s sufren las crisis de la regi\u00f3n, ya sea la pandemia del COVID-19, desastres como huracanes o terremotos, o conflictos armados y violencia ejercido por parte del crimen organizado. Y quiz\u00e1s por eso, las mujeres est\u00e1n a la vanguardia de los movimientos por la paz y la no violencia en toda la regi\u00f3n, desde los centros metropolitanos liberales hasta las comunidades rurales tradicionales; son ellas las que documentan las necesidades de quienes las rodean, defienden los derechos de los m\u00e1s vulnerables y alzan la voz por el cambio a escala local, nacional e internacional.<\/p>\n\n\n\n<p class=\"wp-block-paragraph\">Esta semana, publicaremos y volveremos a publicar art\u00edculos y reflexiones de los programas del CCM en Am\u00e9rica Latina y el Caribe sobre las mujeres l\u00edderes y los derechos de las mujeres. Celebramos los extraordinarios logros de las mujeres que trabajan por el cambio y reconocemos que a\u00fan queda mucho trabajo por hacer.<\/p>\n\n\n\n<p class=\"wp-block-paragraph\"><strong><a href=\"https:\/\/www.mcclaca.org\/es\/tag\/8m-2023-2\/\" data-type=\"URL\" data-id=\"https:\/\/www.mcclaca.org\/es\/tag\/8m-2023-2\/\" target=\"_blank\" rel=\"noreferrer noopener\">Lea todas las publicaciones aqu\u00ed<\/a><\/strong><\/p>\n","protected":false},"excerpt":{"rendered":"<p>El 8 de marzo es el D\u00eda Internacional de la Mujer, una conmemoraci\u00f3n que tiene sus ra\u00edces en el movimiento obrero de principios del siglo 20. Desde entonces, se ha conmemorado en pa\u00edses de todo el mundo, tanto como celebraci\u00f3n de los logros de las mujeres como ocasi\u00f3n para exigir la igualdad de derechos y [&hellip;]<\/p>\n","protected":false},"author":5,"featured_media":12066,"comment_status":"open","ping_status":"open","sticky":false,"template":"","format":"standard","meta":{"nf_dc_page":"","_jetpack_newsletter_access":"","_jetpack_dont_email_post_to_subs":false,"_jetpack_newsletter_tier_id":0,"_jetpack_memberships_contains_paywalled_content":false,"_jetpack_feature_clip_id":0,"_jetpack_memberships_contains_paid_content":false,"footnotes":"","jetpack_publicize_message":"","jetpack_publicize_feature_enabled":true,"jetpack_social_post_already_shared":true,"jetpack_social_options":{"image_generator_settings":{"template":"highway","default_image_id":0,"font":"","enabled":false},"version":2},"jetpack_post_was_ever_published":false},"categories":[397,444],"tags":[496],"class_list":["post-12067","post","type-post","status-publish","format-standard","has-post-thumbnail","hentry","category-incidencia-politica","category-paz-y-no-violencia","tag-8m-2023-2"],"jetpack_publicize_connections":[],"jetpack_sharing_enabled":true,"jetpack_shortlink":"https:\/\/wp.me\/p7pJjQ-38D","jetpack-related-posts":[{"id":12366,"url":"https:\/\/www.mcclaca.org\/imagino-un-mundo-donde-mujeres-y-ninas-podamos-caminar-en-las-calles-trabajar-y-convivir-sin-miedo-part-3\/","url_meta":{"origin":12067,"position":0},"title":"&#8220;Imagino un mundo  &#8230; donde mujeres y [ni\u00f1as] podamos caminar en las calles, trabajar, y convivir &#8230; sin miedo&#8221; (part 3)","author":"Admin","date":"28 de noviembre de 2024","format":false,"excerpt":"El D\u00eda de la Eliminaci\u00f3n de la Violencia contra la Mujer Entrevista con Ver\u00f3nica Roque, Coordinadora de FUBE, por Anika Bauman, \u00a0Trabajador de acompa\u00f1amiento de programas y equipo en Bolivia \u00bfC\u00f3mo llegaste a trabajar con FUBE? \u00bfQu\u00e9 te atrajo del trabajo y qu\u00e9 te sigue motivando? Yo estoy desde el\u2026","rel":"","context":"En \u00abAbout MCC LACA\u00bb","block_context":{"text":"About MCC LACA","link":"https:\/\/www.mcclaca.org\/category\/about-mcc-laca\/"},"img":{"alt_text":"","src":"https:\/\/i0.wp.com\/www.mcclaca.org\/wp-content\/uploads\/2024\/11\/Veronica_crop.jpg?fit=1189%2C1200&ssl=1&resize=350%2C200","width":350,"height":200,"srcset":"https:\/\/i0.wp.com\/www.mcclaca.org\/wp-content\/uploads\/2024\/11\/Veronica_crop.jpg?fit=1189%2C1200&ssl=1&resize=350%2C200 1x, https:\/\/i0.wp.com\/www.mcclaca.org\/wp-content\/uploads\/2024\/11\/Veronica_crop.jpg?fit=1189%2C1200&ssl=1&resize=525%2C300 1.5x, https:\/\/i0.wp.com\/www.mcclaca.org\/wp-content\/uploads\/2024\/11\/Veronica_crop.jpg?fit=1189%2C1200&ssl=1&resize=700%2C400 2x, https:\/\/i0.wp.com\/www.mcclaca.org\/wp-content\/uploads\/2024\/11\/Veronica_crop.jpg?fit=1189%2C1200&ssl=1&resize=1050%2C600 3x"},"classes":[]},{"id":11981,"url":"https:\/\/www.mcclaca.org\/es\/caminando-juntos-recuerdos-del-encuentro-de-pueblos-indigenas-2022-de-ccm-laca\/","url_meta":{"origin":12067,"position":1},"title":"CAMINANDO JUNTOS: RECUERDOS DEL ENCUENTRO DE PUEBLOS IND\u00cdGENAS 2022 DE CCM LACA","author":"Admin","date":"12 de octubre de 2022","format":false,"excerpt":"En 1491, el territorio que ahora llamamos las Am\u00e9ricas estaba lleno de comunidades con muchos colores y sonidos de arte floreciente, con producci\u00f3n de alimentos muy sofisticada y diversa, con sistemas y alianzas pol\u00edticos complejos, con caminos de intercambio cruzando las cordilleras del continente. Con la llegada de los europeos,\u2026","rel":"","context":"En \u00abBolivia\u00bb","block_context":{"text":"Bolivia","link":"https:\/\/www.mcclaca.org\/es\/category\/programas\/bolivia-es\/"},"img":{"alt_text":"","src":"https:\/\/i0.wp.com\/www.mcclaca.org\/wp-content\/uploads\/2022\/09\/IMG_8284-1-scaled.jpg?fit=1200%2C800&ssl=1&resize=350%2C200","width":350,"height":200,"srcset":"https:\/\/i0.wp.com\/www.mcclaca.org\/wp-content\/uploads\/2022\/09\/IMG_8284-1-scaled.jpg?fit=1200%2C800&ssl=1&resize=350%2C200 1x, https:\/\/i0.wp.com\/www.mcclaca.org\/wp-content\/uploads\/2022\/09\/IMG_8284-1-scaled.jpg?fit=1200%2C800&ssl=1&resize=525%2C300 1.5x, https:\/\/i0.wp.com\/www.mcclaca.org\/wp-content\/uploads\/2022\/09\/IMG_8284-1-scaled.jpg?fit=1200%2C800&ssl=1&resize=700%2C400 2x, https:\/\/i0.wp.com\/www.mcclaca.org\/wp-content\/uploads\/2022\/09\/IMG_8284-1-scaled.jpg?fit=1200%2C800&ssl=1&resize=1050%2C600 3x"},"classes":[]},{"id":12005,"url":"https:\/\/www.mcclaca.org\/es\/ni-una-mas\/","url_meta":{"origin":12067,"position":2},"title":"\u00a1Ni una m\u00e1s!","author":"Admin","date":"25 de noviembre de 2022","format":false,"excerpt":"En M\u00e9xico, seg\u00fan datos del Instituto Nacional de Estad\u00edstica, Geograf\u00eda e Inform\u00e1tica (INEGI), 70.1% de las mujeres de 15 a\u00f1os y m\u00e1s ha experimentado alguna situaci\u00f3n de violencia. La misma encuesta revela que, en un pa\u00eds donde las figuras de la madre y la esposa se valoran y aprecian tanto\u2026","rel":"","context":"En \u00abIncidencia Pol\u00edtica\u00bb","block_context":{"text":"Incidencia Pol\u00edtica","link":"https:\/\/www.mcclaca.org\/es\/category\/incidencia-politica\/"},"img":{"alt_text":"","src":"https:\/\/i0.wp.com\/www.mcclaca.org\/wp-content\/uploads\/2022\/11\/IMG_0797-2.jpg?fit=1200%2C574&ssl=1&resize=350%2C200","width":350,"height":200,"srcset":"https:\/\/i0.wp.com\/www.mcclaca.org\/wp-content\/uploads\/2022\/11\/IMG_0797-2.jpg?fit=1200%2C574&ssl=1&resize=350%2C200 1x, https:\/\/i0.wp.com\/www.mcclaca.org\/wp-content\/uploads\/2022\/11\/IMG_0797-2.jpg?fit=1200%2C574&ssl=1&resize=525%2C300 1.5x, https:\/\/i0.wp.com\/www.mcclaca.org\/wp-content\/uploads\/2022\/11\/IMG_0797-2.jpg?fit=1200%2C574&ssl=1&resize=700%2C400 2x, https:\/\/i0.wp.com\/www.mcclaca.org\/wp-content\/uploads\/2022\/11\/IMG_0797-2.jpg?fit=1200%2C574&ssl=1&resize=1050%2C600 3x"},"classes":[]},{"id":12118,"url":"https:\/\/www.mcclaca.org\/es\/testimonios-de-lideresas-mexicanas\/","url_meta":{"origin":12067,"position":3},"title":"Testimonios de mujeres l\u00edderes mexicanas","author":"Admin","date":"9 de marzo de 2023","format":false,"excerpt":"Soy una mujer de Guadalajara Diana Lepe, Serapaz, Ciudad de Mexico Mi rol ahora es liderar a otros y otras en una organizaci\u00f3n reconocida por la sociedad civil en M\u00e9xico Lo m\u00e1s retante de ser mujer, hasta ahora, ha sido que, frente a los obst\u00e1culos y violencias vividas, pueda ser\u2026","rel":"","context":"En \u00abIncidencia Pol\u00edtica\u00bb","block_context":{"text":"Incidencia Pol\u00edtica","link":"https:\/\/www.mcclaca.org\/es\/category\/incidencia-politica\/"},"img":{"alt_text":"","src":"https:\/\/i0.wp.com\/www.mcclaca.org\/wp-content\/uploads\/2023\/03\/IMG_7501.jpg?fit=1200%2C800&ssl=1&resize=350%2C200","width":350,"height":200,"srcset":"https:\/\/i0.wp.com\/www.mcclaca.org\/wp-content\/uploads\/2023\/03\/IMG_7501.jpg?fit=1200%2C800&ssl=1&resize=350%2C200 1x, https:\/\/i0.wp.com\/www.mcclaca.org\/wp-content\/uploads\/2023\/03\/IMG_7501.jpg?fit=1200%2C800&ssl=1&resize=525%2C300 1.5x, https:\/\/i0.wp.com\/www.mcclaca.org\/wp-content\/uploads\/2023\/03\/IMG_7501.jpg?fit=1200%2C800&ssl=1&resize=700%2C400 2x, https:\/\/i0.wp.com\/www.mcclaca.org\/wp-content\/uploads\/2023\/03\/IMG_7501.jpg?fit=1200%2C800&ssl=1&resize=1050%2C600 3x"},"classes":[]},{"id":12088,"url":"https:\/\/www.mcclaca.org\/es\/cinco-mujeres-que-me-han-inspirado-en-bolivia\/","url_meta":{"origin":12067,"position":4},"title":"Cinco mujeres que me han inspirado en Bolivia","author":"Admin","date":"7 de marzo de 2023","format":false,"excerpt":"No es dif\u00edcil encontrar mujeres en Bolivia que me inspiren y que est\u00e9n inspirando a otras en su comunidad. El CCM est\u00e1 lleno de socios en todo el mundo que ponen a las mujeres en primer plano y crean espacios para que las mujeres l\u00edderes prosperen. Lo que no esperaba\u2026","rel":"","context":"En \u00abBoliva\u00bb","block_context":{"text":"Boliva","link":"https:\/\/www.mcclaca.org\/es\/category\/boliva\/"},"img":{"alt_text":"","src":"https:\/\/i0.wp.com\/www.mcclaca.org\/wp-content\/uploads\/2023\/03\/RS88771_BOL20180502_livelihoods_ms0524-lpr.jpg?fit=1200%2C800&ssl=1&resize=350%2C200","width":350,"height":200,"srcset":"https:\/\/i0.wp.com\/www.mcclaca.org\/wp-content\/uploads\/2023\/03\/RS88771_BOL20180502_livelihoods_ms0524-lpr.jpg?fit=1200%2C800&ssl=1&resize=350%2C200 1x, https:\/\/i0.wp.com\/www.mcclaca.org\/wp-content\/uploads\/2023\/03\/RS88771_BOL20180502_livelihoods_ms0524-lpr.jpg?fit=1200%2C800&ssl=1&resize=525%2C300 1.5x, https:\/\/i0.wp.com\/www.mcclaca.org\/wp-content\/uploads\/2023\/03\/RS88771_BOL20180502_livelihoods_ms0524-lpr.jpg?fit=1200%2C800&ssl=1&resize=700%2C400 2x, https:\/\/i0.wp.com\/www.mcclaca.org\/wp-content\/uploads\/2023\/03\/RS88771_BOL20180502_livelihoods_ms0524-lpr.jpg?fit=1200%2C800&ssl=1&resize=1050%2C600 3x"},"classes":[]},{"id":11542,"url":"https:\/\/www.mcclaca.org\/es\/tejidos-mayas-los-libros-que-no-pudieron-quemar\/","url_meta":{"origin":12067,"position":5},"title":"Tejidos Mayas: los libros que no pudieron quemar","author":"Admin","date":"3 de junio de 2021","format":false,"excerpt":"La ignorancia es una bendici\u00f3n. Lo digo muy en serio. La ignorancia te permite visitar lugares como el Museo Ixchel del Traje Ind\u00edgena y salir maravillado e inspirado con la belleza de los huipiles, cortes y dem\u00e1s textiles en su colecci\u00f3n. La bendici\u00f3n de la ignorancia har\u00eda que celebres el\u2026","rel":"","context":"En \u00abGuatemala\u00bb","block_context":{"text":"Guatemala","link":"https:\/\/www.mcclaca.org\/es\/category\/programas\/guatemala-es\/"},"img":{"alt_text":"","src":"https:\/\/i0.wp.com\/www.mcclaca.org\/wp-content\/uploads\/2021\/06\/RS66338_GTM2016_ANADESA_ml1833-lpr.jpg?fit=1200%2C801&ssl=1&resize=350%2C200","width":350,"height":200,"srcset":"https:\/\/i0.wp.com\/www.mcclaca.org\/wp-content\/uploads\/2021\/06\/RS66338_GTM2016_ANADESA_ml1833-lpr.jpg?fit=1200%2C801&ssl=1&resize=350%2C200 1x, https:\/\/i0.wp.com\/www.mcclaca.org\/wp-content\/uploads\/2021\/06\/RS66338_GTM2016_ANADESA_ml1833-lpr.jpg?fit=1200%2C801&ssl=1&resize=525%2C300 1.5x, https:\/\/i0.wp.com\/www.mcclaca.org\/wp-content\/uploads\/2021\/06\/RS66338_GTM2016_ANADESA_ml1833-lpr.jpg?fit=1200%2C801&ssl=1&resize=700%2C400 2x, https:\/\/i0.wp.com\/www.mcclaca.org\/wp-content\/uploads\/2021\/06\/RS66338_GTM2016_ANADESA_ml1833-lpr.jpg?fit=1200%2C801&ssl=1&resize=1050%2C600 3x"},"classes":[]}],"jetpack_featured_media_url":"https:\/\/i0.wp.com\/www.mcclaca.org\/wp-content\/uploads\/2023\/03\/IMG_5075-2.jpg?fit=2000%2C976&ssl=1","_links":{"self":[{"href":"https:\/\/www.mcclaca.org\/es\/wp-json\/wp\/v2\/posts\/12067","targetHints":{"allow":["GET"]}}],"collection":[{"href":"https:\/\/www.mcclaca.org\/es\/wp-json\/wp\/v2\/posts"}],"about":[{"href":"https:\/\/www.mcclaca.org\/es\/wp-json\/wp\/v2\/types\/post"}],"author":[{"embeddable":true,"href":"https:\/\/www.mcclaca.org\/es\/wp-json\/wp\/v2\/users\/5"}],"replies":[{"embeddable":true,"href":"https:\/\/www.mcclaca.org\/es\/wp-json\/wp\/v2\/comments?post=12067"}],"version-history":[{"count":4,"href":"https:\/\/www.mcclaca.org\/es\/wp-json\/wp\/v2\/posts\/12067\/revisions"}],"predecessor-version":[{"id":12098,"href":"https:\/\/www.mcclaca.org\/es\/wp-json\/wp\/v2\/posts\/12067\/revisions\/12098"}],"wp:featuredmedia":[{"embeddable":true,"href":"https:\/\/www.mcclaca.org\/es\/wp-json\/wp\/v2\/media\/12066"}],"wp:attachment":[{"href":"https:\/\/www.mcclaca.org\/es\/wp-json\/wp\/v2\/media?parent=12067"}],"wp:term":[{"taxonomy":"category","embeddable":true,"href":"https:\/\/www.mcclaca.org\/es\/wp-json\/wp\/v2\/categories?post=12067"},{"taxonomy":"post_tag","embeddable":true,"href":"https:\/\/www.mcclaca.org\/es\/wp-json\/wp\/v2\/tags?post=12067"}],"curies":[{"name":"wp","href":"https:\/\/api.w.org\/{rel}","templated":true}]}}