{"id":12099,"date":"2023-03-07T15:14:27","date_gmt":"2023-03-07T21:14:27","guid":{"rendered":"https:\/\/www.mcclaca.org\/?p=12099"},"modified":"2023-03-07T15:14:32","modified_gmt":"2023-03-07T21:14:32","slug":"de-sobreviviente-a-mas-que-vencedora","status":"publish","type":"post","link":"https:\/\/www.mcclaca.org\/es\/de-sobreviviente-a-mas-que-vencedora\/","title":{"rendered":"De sobreviviente a m\u00e1s que vencedora"},"content":{"rendered":"\n<p class=\"wp-block-paragraph\">V\u00edctima de abuso sexual. Lo descubr\u00ed tarde porque, como dicen las estad\u00edsticas, fui una ni\u00f1a abusada que guard\u00f3 silencio por 20 a\u00f1os, hasta que pude abrir la presa de mis emociones y secretos con el que es ahora mi compa\u00f1ero de vida y busqu\u00e9 ayuda.<\/p>\n\n\n\n<p class=\"wp-block-paragraph\">Durante un a\u00f1o, de la mano de mis terapeutas y junto a mis compa\u00f1eras de grupo, mi ser entero fue sanando. Descubr\u00ed el valor que tienen las palabras en la construcci\u00f3n de la identidad. De \u201cv\u00edctima\u201d, me convert\u00ed en \u201csobreviviente\u201d \u2026 Esa fue una de mis primeras grandes victorias. Ah\u00ed descubr\u00ed el poder que tiene romper el silencio.<\/p>\n\n\n\n<p class=\"wp-block-paragraph\">Un a\u00f1o antes de decidir dejar mi antiguo trabajo, mi coraz\u00f3n estaba inquieto. Soy una mujer espiritual. Crec\u00ed cultivando mi fe en un Dios que me ama y que ha estado conmigo a cada momento, sanando, reparando, luchando, llorando conmigo, pero siempre caminando. En la b\u00fasqueda de prop\u00f3sito, de servicio al pr\u00f3jimo y quiz\u00e1s de trascendencia, la chispa divina en mi interior me hac\u00eda sentir y pensar que mi momento hab\u00eda llegado, y todo apuntaba hacia lo mismo: hacer algo con mi experiencia de sanidad, de crecimiento\u2026<\/p>\n\n\n\n<p class=\"wp-block-paragraph\">Confieso que la sola idea me daba un poco de temor, me sent\u00eda inadecuada. Hab\u00eda escuchado de gente bien intencionada la importancia de no \u201cexponerse\u201d, de no abrir lo m\u00e1s \u00edntimo para no salir lastimada\u2026 pero por el otro lado, comenc\u00e9 a descubrir con asombro, una nueva fortaleza en m\u00ed, una pasi\u00f3n in\u00e9dita, y la resoluci\u00f3n de no callar. \u201cPuedo hacer esto, estoy lista\u201d comenc\u00e9 a decirme. Y heme aqu\u00ed.<\/p>\n\n\n\n<p class=\"wp-block-paragraph\">Muchos a\u00f1os despu\u00e9s de esa experiencia de abuso y de sanidad, recib\u00ed la invitaci\u00f3n a colaborar en el Comit\u00e9 Central Menonita. El trabajo que estoy haciendo ahora, est\u00e1 orientado hacia la creaci\u00f3n de protocolos de prevenci\u00f3n y protecci\u00f3n contra el abuso y la explotaci\u00f3n sexual infantil. Impulsando y sembrando en iglesias y organizaciones de la sociedad civil el tema, como un punto que requiere atenci\u00f3n prioritaria, pero, adem\u00e1s, hablando de violencia sexual sin sentir temor, ni pena, ni rencor, ni rabia\u2026 porque ahora s\u00e9, que se puede pasar de v\u00edctima a sobreviviente, y de sobreviviente a ser m\u00e1s que vencedora. A redimir la experiencia poni\u00e9ndola al servicio de otros, pero, sobre todo, y en la medida de lo posible, de las ni\u00f1as y ni\u00f1os de nuestro pa\u00eds.<\/p>\n\n\n\n<hr class=\"wp-block-separator has-alpha-channel-opacity\"\/>\n\n\n\n<p class=\"wp-block-paragraph\"><em>Ruhama Pedroza Garc\u00eda es la facilitadora de procesos de formaci\u00f3n de CCM Mexico.<\/em> <\/p>\n","protected":false},"excerpt":{"rendered":"<p>V\u00edctima de abuso sexual. Lo descubr\u00ed tarde porque, como dicen las estad\u00edsticas, fui una ni\u00f1a abusada que guard\u00f3 silencio por 20 a\u00f1os, hasta que pude abrir la presa de mis emociones y secretos con el que es ahora mi compa\u00f1ero de vida y busqu\u00e9 ayuda. Durante un a\u00f1o, de la mano de mis terapeutas y [&hellip;]<\/p>\n","protected":false},"author":5,"featured_media":12100,"comment_status":"open","ping_status":"open","sticky":false,"template":"","format":"standard","meta":{"nf_dc_page":"","_jetpack_newsletter_access":"","_jetpack_dont_email_post_to_subs":false,"_jetpack_newsletter_tier_id":0,"_jetpack_memberships_contains_paywalled_content":false,"_jetpack_feature_clip_id":0,"_jetpack_memberships_contains_paid_content":false,"footnotes":"","jetpack_publicize_message":"","jetpack_publicize_feature_enabled":true,"jetpack_social_post_already_shared":true,"jetpack_social_options":{"image_generator_settings":{"template":"highway","default_image_id":0,"font":"","enabled":false},"version":2},"jetpack_post_was_ever_published":false},"categories":[397,434,444],"tags":[496],"class_list":["post-12099","post","type-post","status-publish","format-standard","has-post-thumbnail","hentry","category-incidencia-politica","category-mexico-es","category-paz-y-no-violencia","tag-8m-2023-2"],"jetpack_publicize_connections":[],"jetpack_sharing_enabled":true,"jetpack_shortlink":"https:\/\/wp.me\/p7pJjQ-399","jetpack-related-posts":[{"id":12118,"url":"https:\/\/www.mcclaca.org\/es\/testimonios-de-lideresas-mexicanas\/","url_meta":{"origin":12099,"position":0},"title":"Testimonios de mujeres l\u00edderes mexicanas","author":"Admin","date":"9 de marzo de 2023","format":false,"excerpt":"Soy una mujer de Guadalajara Diana Lepe, Serapaz, Ciudad de Mexico Mi rol ahora es liderar a otros y otras en una organizaci\u00f3n reconocida por la sociedad civil en M\u00e9xico Lo m\u00e1s retante de ser mujer, hasta ahora, ha sido que, frente a los obst\u00e1culos y violencias vividas, pueda ser\u2026","rel":"","context":"En \u00abIncidencia Pol\u00edtica\u00bb","block_context":{"text":"Incidencia Pol\u00edtica","link":"https:\/\/www.mcclaca.org\/es\/category\/incidencia-politica\/"},"img":{"alt_text":"","src":"https:\/\/i0.wp.com\/www.mcclaca.org\/wp-content\/uploads\/2023\/03\/IMG_7501.jpg?fit=1200%2C800&ssl=1&resize=350%2C200","width":350,"height":200,"srcset":"https:\/\/i0.wp.com\/www.mcclaca.org\/wp-content\/uploads\/2023\/03\/IMG_7501.jpg?fit=1200%2C800&ssl=1&resize=350%2C200 1x, https:\/\/i0.wp.com\/www.mcclaca.org\/wp-content\/uploads\/2023\/03\/IMG_7501.jpg?fit=1200%2C800&ssl=1&resize=525%2C300 1.5x, https:\/\/i0.wp.com\/www.mcclaca.org\/wp-content\/uploads\/2023\/03\/IMG_7501.jpg?fit=1200%2C800&ssl=1&resize=700%2C400 2x, https:\/\/i0.wp.com\/www.mcclaca.org\/wp-content\/uploads\/2023\/03\/IMG_7501.jpg?fit=1200%2C800&ssl=1&resize=1050%2C600 3x"},"classes":[]},{"id":10925,"url":"https:\/\/www.mcclaca.org\/es\/otro-mundo-es-posible\/","url_meta":{"origin":12099,"position":1},"title":"Otro mundo es posible","author":"Admin","date":"24 de junio de 2020","format":false,"excerpt":"La primera vez que pens\u00e9 profundamente en Am\u00e9rica Latina fue probablemente durante un curso de literatura posmoderna que tom\u00e9 en pleno invierno durante mi licenciatura en la universidad. El invierno en mi ciudad natal es largo, oscuro y muy fr\u00edo, e incluso para los lectores libros m\u00e1s apasionados, o para\u2026","rel":"","context":"En \u00abColombia\u00bb","block_context":{"text":"Colombia","link":"https:\/\/www.mcclaca.org\/es\/category\/programas\/colombia-es\/"},"img":{"alt_text":"","src":"https:\/\/i0.wp.com\/www.mcclaca.org\/wp-content\/uploads\/2020\/06\/IMG_3240-scaled.jpg?fit=1200%2C800&ssl=1&resize=350%2C200","width":350,"height":200,"srcset":"https:\/\/i0.wp.com\/www.mcclaca.org\/wp-content\/uploads\/2020\/06\/IMG_3240-scaled.jpg?fit=1200%2C800&ssl=1&resize=350%2C200 1x, https:\/\/i0.wp.com\/www.mcclaca.org\/wp-content\/uploads\/2020\/06\/IMG_3240-scaled.jpg?fit=1200%2C800&ssl=1&resize=525%2C300 1.5x, https:\/\/i0.wp.com\/www.mcclaca.org\/wp-content\/uploads\/2020\/06\/IMG_3240-scaled.jpg?fit=1200%2C800&ssl=1&resize=700%2C400 2x, https:\/\/i0.wp.com\/www.mcclaca.org\/wp-content\/uploads\/2020\/06\/IMG_3240-scaled.jpg?fit=1200%2C800&ssl=1&resize=1050%2C600 3x"},"classes":[]},{"id":10936,"url":"https:\/\/www.mcclaca.org\/es\/bordo-que-es-un-bordo\/","url_meta":{"origin":12099,"position":2},"title":"\u00bfBordo? \u00bfQu\u00e9 es un bordo?","author":"Admin","date":"7 de julio de 2020","format":false,"excerpt":"Al inicio de mi tiempo de servicio con CCM, ten\u00eda muchas preguntas rondando en mi cabeza. Muchas de ellas me hac\u00edan dudar de mi capacidad para cumplir con mi trabajo. En ese tiempo, de lo \u00fanico que estaba segura era que hab\u00eda tomado una de las mejores decisiones en mi\u2026","rel":"","context":"En \u00abHonduras\u00bb","block_context":{"text":"Honduras","link":"https:\/\/www.mcclaca.org\/es\/category\/programas\/honduras-es\/"},"img":{"alt_text":"","src":"https:\/\/i0.wp.com\/www.mcclaca.org\/wp-content\/uploads\/2020\/07\/WhatsApp-Image-2020-06-19-at-2.28.42-PM-1.jpeg?fit=900%2C1200&ssl=1&resize=350%2C200","width":350,"height":200,"srcset":"https:\/\/i0.wp.com\/www.mcclaca.org\/wp-content\/uploads\/2020\/07\/WhatsApp-Image-2020-06-19-at-2.28.42-PM-1.jpeg?fit=900%2C1200&ssl=1&resize=350%2C200 1x, https:\/\/i0.wp.com\/www.mcclaca.org\/wp-content\/uploads\/2020\/07\/WhatsApp-Image-2020-06-19-at-2.28.42-PM-1.jpeg?fit=900%2C1200&ssl=1&resize=525%2C300 1.5x, https:\/\/i0.wp.com\/www.mcclaca.org\/wp-content\/uploads\/2020\/07\/WhatsApp-Image-2020-06-19-at-2.28.42-PM-1.jpeg?fit=900%2C1200&ssl=1&resize=700%2C400 2x"},"classes":[]},{"id":11195,"url":"https:\/\/www.mcclaca.org\/es\/por-lo-que-fue-por-lo-que-vendra\/","url_meta":{"origin":12099,"position":3},"title":"Por Lo Que Fue, Por Lo Que Vendr\u00e1","author":"Admin","date":"21 de septiembre de 2020","format":false,"excerpt":"Creo que una de las cosas m\u00e1s desafiantes en la vida es entender el sentido de nuestra existencia y como consecuencia, de las cosas que hacemos respecto a esto. Pensar en c\u00f3mo todo podr\u00eda ser diferente producto de una decisi\u00f3n distinta, \u00a1me resulta sorprendente! Cuando en el 2018 sal\u00ed de\u2026","rel":"","context":"En \u00abColombia\u00bb","block_context":{"text":"Colombia","link":"https:\/\/www.mcclaca.org\/es\/category\/programas\/colombia-es\/"},"img":{"alt_text":"","src":"https:\/\/i0.wp.com\/www.mcclaca.org\/wp-content\/uploads\/2020\/09\/RS102917_Colombia-Choco-Day-7-139-lpr.jpg?fit=1200%2C800&ssl=1&resize=350%2C200","width":350,"height":200,"srcset":"https:\/\/i0.wp.com\/www.mcclaca.org\/wp-content\/uploads\/2020\/09\/RS102917_Colombia-Choco-Day-7-139-lpr.jpg?fit=1200%2C800&ssl=1&resize=350%2C200 1x, https:\/\/i0.wp.com\/www.mcclaca.org\/wp-content\/uploads\/2020\/09\/RS102917_Colombia-Choco-Day-7-139-lpr.jpg?fit=1200%2C800&ssl=1&resize=525%2C300 1.5x, https:\/\/i0.wp.com\/www.mcclaca.org\/wp-content\/uploads\/2020\/09\/RS102917_Colombia-Choco-Day-7-139-lpr.jpg?fit=1200%2C800&ssl=1&resize=700%2C400 2x, https:\/\/i0.wp.com\/www.mcclaca.org\/wp-content\/uploads\/2020\/09\/RS102917_Colombia-Choco-Day-7-139-lpr.jpg?fit=1200%2C800&ssl=1&resize=1050%2C600 3x"},"classes":[]},{"id":11164,"url":"https:\/\/www.mcclaca.org\/es\/lecciones-en-el-racismo-sistemico-desde-choco\/","url_meta":{"origin":12099,"position":4},"title":"Lecciones en el racismo sist\u00e9mico desde Choc\u00f3","author":"Admin","date":"10 de septiembre de 2020","format":false,"excerpt":"Este art\u00edculo es parte de una serie que trata sobre el racismo en Colombia. Leer m\u00e1s aqu\u00ed. Cuando ten\u00eda 26 a\u00f1os, mi esposo y yo nos mudamos a Colombia para ser parte del programa de CCM de Semilla. Nos colocaron con las Iglesias Hermanos Menonitas en el Choc\u00f3, un departamento\u2026","rel":"","context":"En \u00abColombia\u00bb","block_context":{"text":"Colombia","link":"https:\/\/www.mcclaca.org\/es\/category\/programas\/colombia-es\/"},"img":{"alt_text":"","src":"https:\/\/i0.wp.com\/www.mcclaca.org\/wp-content\/uploads\/2020\/09\/DSCN1693-2-1.jpg?fit=1200%2C900&ssl=1&resize=350%2C200","width":350,"height":200,"srcset":"https:\/\/i0.wp.com\/www.mcclaca.org\/wp-content\/uploads\/2020\/09\/DSCN1693-2-1.jpg?fit=1200%2C900&ssl=1&resize=350%2C200 1x, https:\/\/i0.wp.com\/www.mcclaca.org\/wp-content\/uploads\/2020\/09\/DSCN1693-2-1.jpg?fit=1200%2C900&ssl=1&resize=525%2C300 1.5x, https:\/\/i0.wp.com\/www.mcclaca.org\/wp-content\/uploads\/2020\/09\/DSCN1693-2-1.jpg?fit=1200%2C900&ssl=1&resize=700%2C400 2x, https:\/\/i0.wp.com\/www.mcclaca.org\/wp-content\/uploads\/2020\/09\/DSCN1693-2-1.jpg?fit=1200%2C900&ssl=1&resize=1050%2C600 3x"},"classes":[]},{"id":11248,"url":"https:\/\/www.mcclaca.org\/es\/mestiza-soy\/","url_meta":{"origin":12099,"position":5},"title":"Mestiza soy","author":"Admin","date":"15 de octubre de 2020","format":false,"excerpt":"Este poema es parte de una serie que trata sobre el racismo en Colombia.\u00a0Leer m\u00e1s aqu\u00ed. Mestiza soy,Mi sangre palpita al ritmodel sonido del tamborhija de \u00c1frica soy. Mestiza soySoy los hilos \u00a0En el tejido de mis mochilasHija de Ind\u00edgenas. Piel blanca, cabellos ondulados,Ojos marr\u00f3n, andariega deCaminos,Gitana de la Espa\u00f1a.\u2026","rel":"","context":"En \u00abColombia\u00bb","block_context":{"text":"Colombia","link":"https:\/\/www.mcclaca.org\/es\/category\/programas\/colombia-es\/"},"img":{"alt_text":"","src":"https:\/\/i0.wp.com\/www.mcclaca.org\/wp-content\/uploads\/2020\/10\/WhatsApp-Image-2020-06-23-at-5.47.22-PM.jpeg?fit=900%2C1200&ssl=1&resize=350%2C200","width":350,"height":200,"srcset":"https:\/\/i0.wp.com\/www.mcclaca.org\/wp-content\/uploads\/2020\/10\/WhatsApp-Image-2020-06-23-at-5.47.22-PM.jpeg?fit=900%2C1200&ssl=1&resize=350%2C200 1x, https:\/\/i0.wp.com\/www.mcclaca.org\/wp-content\/uploads\/2020\/10\/WhatsApp-Image-2020-06-23-at-5.47.22-PM.jpeg?fit=900%2C1200&ssl=1&resize=525%2C300 1.5x, https:\/\/i0.wp.com\/www.mcclaca.org\/wp-content\/uploads\/2020\/10\/WhatsApp-Image-2020-06-23-at-5.47.22-PM.jpeg?fit=900%2C1200&ssl=1&resize=700%2C400 2x"},"classes":[]}],"jetpack_featured_media_url":"https:\/\/i0.wp.com\/www.mcclaca.org\/wp-content\/uploads\/2023\/03\/ruh-chikita.jpg?fit=766%2C489&ssl=1","_links":{"self":[{"href":"https:\/\/www.mcclaca.org\/es\/wp-json\/wp\/v2\/posts\/12099","targetHints":{"allow":["GET"]}}],"collection":[{"href":"https:\/\/www.mcclaca.org\/es\/wp-json\/wp\/v2\/posts"}],"about":[{"href":"https:\/\/www.mcclaca.org\/es\/wp-json\/wp\/v2\/types\/post"}],"author":[{"embeddable":true,"href":"https:\/\/www.mcclaca.org\/es\/wp-json\/wp\/v2\/users\/5"}],"replies":[{"embeddable":true,"href":"https:\/\/www.mcclaca.org\/es\/wp-json\/wp\/v2\/comments?post=12099"}],"version-history":[{"count":1,"href":"https:\/\/www.mcclaca.org\/es\/wp-json\/wp\/v2\/posts\/12099\/revisions"}],"predecessor-version":[{"id":12102,"href":"https:\/\/www.mcclaca.org\/es\/wp-json\/wp\/v2\/posts\/12099\/revisions\/12102"}],"wp:featuredmedia":[{"embeddable":true,"href":"https:\/\/www.mcclaca.org\/es\/wp-json\/wp\/v2\/media\/12100"}],"wp:attachment":[{"href":"https:\/\/www.mcclaca.org\/es\/wp-json\/wp\/v2\/media?parent=12099"}],"wp:term":[{"taxonomy":"category","embeddable":true,"href":"https:\/\/www.mcclaca.org\/es\/wp-json\/wp\/v2\/categories?post=12099"},{"taxonomy":"post_tag","embeddable":true,"href":"https:\/\/www.mcclaca.org\/es\/wp-json\/wp\/v2\/tags?post=12099"}],"curies":[{"name":"wp","href":"https:\/\/api.w.org\/{rel}","templated":true}]}}